{"id":27501,"date":"2017-06-29T09:14:29","date_gmt":"2017-06-29T07:14:29","guid":{"rendered":"https:\/\/www.itm.nrw\/gudialog-abida-meets-open-data\/"},"modified":"2017-06-29T09:14:29","modified_gmt":"2017-06-29T07:14:29","slug":"gudialog-abida-meets-open-data","status":"publish","type":"post","link":"https:\/\/www.itm.nrw\/en\/gudialog-abida-meets-open-data\/","title":{"rendered":"GUDialog \u2013 ABIDA meets Open Data"},"content":{"rendered":"<p><a href=\"https:\/\/www.fh-muenster.de\/iup\/mad\/media\/2017\/files\/7207_Datei_1.pdf\"><img loading=\"lazy\" decoding=\"async\" class=\"alignright size-medium wp-image-12739\" src=\"http:\/\/www.uni-muenster.de\/Jura.itm\/hoeren\/itm\/wp-content\/uploads\/GUDialog-156x220.png\" alt=\"\" width=\"156\" height=\"220\" \/><\/a>Im Rahmen der interdisziplin\u00e4ren Vortrags- und Diskursreihe \u201eGUDialog\u201c des <a href=\"https:\/\/www.fh-muenster.de\/gud\/index.php\" target=\"_blank\" rel=\"noopener\">Instituts f\u00fcr Gesellschaft und Digitales<\/a> der Fachhochschule M\u00fcnster referierte ABIDA-Mitarbeiter Tim Juelicher am 28. Juni \u00fcber die gesellschaftlichen Implikationen von Big Data. In seinem Vortrag <a href=\"https:\/\/youtu.be\/K7avH3VpqLk?t=2034\" target=\"_blank\" rel=\"noopener\"><strong>\u201eBig Data is Watching You\u201c<\/strong> <\/a>zeigte er auf, wo uns das Ph\u00e4nomen im Alltag begegnet und welche multidisziplin\u00e4ren Herausforderungen f\u00fcr die Gesellschaft und das Individuum damit einhergehen. Im Rahmen der anschlie\u00dfenden Diskussion bot sich die Gelegenheit, mit den sehr interessierten Zuh\u00f6rerinnen und Zuh\u00f6rern eine Vielzahl von Fragen zu er\u00f6rtern.<!--more--><\/p>\n<p>Ziel des dritten Termins der Kolloquiumsreihe im laufenden Sommersemester an der FH M\u00fcnster war es, das Thema <strong>\u201eDaten machen Gesellschaft\u201c<\/strong> mit einem Doppelvortrag aus zwei unterschiedlichen Perspektiven zu beleuchten. Vorab ging daher die Co-Referentin, Eileen Wagner von der <a href=\"https:\/\/okfn.de\/\" target=\"_blank\" rel=\"noopener\">Open Knowledge Foundation Deutschland<\/a>, mit einem Vortrag (\u201eOpen Data\u201c) auf Fragen des Informationszugangs gegen\u00fcber dem Staat und den gesamtgesellschaftlichen Nutzen offener Daten ein. Die sich erg\u00e4nzenden Vortr\u00e4ge lieferten so einen umfassenden \u00dcberblick \u00fcber die Thematik.<\/p>\n<p>Gedankt sei den Veranstaltern f\u00fcr die Einladung und den gelungenen Abend.<\/p>\n","protected":false},"excerpt":{"rendered":"<p>Im Rahmen der interdisziplin\u00e4ren Vortrags- und Diskursreihe \u201eGUDialog\u201c des Instituts f\u00fcr Gesellschaft und Digitales der Fachhochschule M\u00fcnster referierte ABIDA-Mitarbeiter Tim Juelicher am 28. Juni \u00fcber die gesellschaftlichen Implikationen von Big Data. In seinem Vortrag \u201eBig Data is Watching You\u201c zeigte er auf, wo uns das Ph\u00e4nomen im Alltag begegnet und welche multidisziplin\u00e4ren Herausforderungen f\u00fcr die [&#8230;]\n","protected":false},"author":18,"featured_media":23694,"comment_status":"closed","ping_status":"closed","sticky":false,"template":"","format":"standard","meta":{"_acf_changed":false,"footnotes":""},"categories":[1],"tags":[],"class_list":["post-27501","post","type-post","status-publish","format-standard","has-post-thumbnail","hentry","category-unkategorisiert"],"acf":[],"_links":{"self":[{"href":"https:\/\/www.itm.nrw\/en\/wp-json\/wp\/v2\/posts\/27501","targetHints":{"allow":["GET"]}}],"collection":[{"href":"https:\/\/www.itm.nrw\/en\/wp-json\/wp\/v2\/posts"}],"about":[{"href":"https:\/\/www.itm.nrw\/en\/wp-json\/wp\/v2\/types\/post"}],"author":[{"embeddable":true,"href":"https:\/\/www.itm.nrw\/en\/wp-json\/wp\/v2\/users\/18"}],"replies":[{"embeddable":true,"href":"https:\/\/www.itm.nrw\/en\/wp-json\/wp\/v2\/comments?post=27501"}],"version-history":[{"count":0,"href":"https:\/\/www.itm.nrw\/en\/wp-json\/wp\/v2\/posts\/27501\/revisions"}],"wp:featuredmedia":[{"embeddable":true,"href":"https:\/\/www.itm.nrw\/en\/wp-json\/wp\/v2\/media\/23694"}],"wp:attachment":[{"href":"https:\/\/www.itm.nrw\/en\/wp-json\/wp\/v2\/media?parent=27501"}],"wp:term":[{"taxonomy":"category","embeddable":true,"href":"https:\/\/www.itm.nrw\/en\/wp-json\/wp\/v2\/categories?post=27501"},{"taxonomy":"post_tag","embeddable":true,"href":"https:\/\/www.itm.nrw\/en\/wp-json\/wp\/v2\/tags?post=27501"}],"curies":[{"name":"wp","href":"https:\/\/api.w.org\/{rel}","templated":true}]}}