{"id":27486,"date":"2017-12-14T13:53:44","date_gmt":"2017-12-14T12:53:44","guid":{"rendered":"https:\/\/www.itm.nrw\/seminarankuendigung-medienprivatrecht\/"},"modified":"2017-12-14T13:53:44","modified_gmt":"2017-12-14T12:53:44","slug":"seminarankuendigung-medienprivatrecht","status":"publish","type":"post","link":"https:\/\/www.itm.nrw\/en\/seminarankuendigung-medienprivatrecht\/","title":{"rendered":"Seminarank\u00fcndigung: Medienprivatrecht"},"content":{"rendered":"<p>&nbsp;<\/p>\n<p style=\"text-align: center;\">Prof. Dr. Thomas Hoeren wird im<\/p>\n<p style=\"text-align: center;\"><strong>Sommersemester 2018<\/strong><\/p>\n<p style=\"text-align: center;\">gemeinsam mit Herrn RA R\u00fcdiger Sch\u00e4fer ein Seminar veranstalten zu dem Thema:<\/p>\n<p style=\"text-align: center;\">\n<p style=\"text-align: center;\"><strong>\u201eMedienprivatrecht\u201c<\/strong><\/p>\n<p>&nbsp;<\/p>\n<p>Die Vorbesprechung des Seminars findet <strong>am 9. Januar 2018 um 16 Uhr s. t. im Arbeitsraum des ITM (3. OG, links) <\/strong>statt. Nur Teilnehmer dieser Vorbesprechung k\u00f6nnen als Teilnehmer f\u00fcr das Seminar ber\u00fccksichtigt werden.<\/p>\n<p>&nbsp;<\/p>\n<p>Folgende Themen stehen zur Auswahl:<\/p>\n<p><!--more--><\/p>\n<ol>\n<li><strong> Die Reichweite der Meinungsfreiheit bei kritischen \u00c4u\u00dferungen \u00fcber Unternehmen und\/oder ihre gesetzlichen Vertreter<\/strong><\/li>\n<\/ol>\n<p>z.B. BVerfG NJW 1992, 1439 \u2013 Kritische Bayer-Aktion\u00e4re; BVerfG NJW 2012,1643 \u2013 Gr\u00fcne Gentechnik; BGH AfP 2008, 193 \u2013 namenloser Gutachter; BGH NJW 2009, 1872 \u2013 Frauport; BGH NJW 2009, 3580; BGH NJW 2015, 773<\/p>\n<ol start=\"2\">\n<li><strong> Der Ausschluss des Geldentsch\u00e4digungsanspruchs durch einen hinreichend anderweitigen Ausgleich<\/strong><\/li>\n<\/ol>\n<p>z.B. BGH NJW 95,861 \u2013 Caroline I; BGH NJW 2010, 763 \u2013 Esra-Geldentsch\u00e4digung; BGH VI ZR 339\/08; BGH VI ZR 340\/08 gebilligt durch BVerfG vom 23.09.2009 \u2013 1 BvR 1681\/09, 1 BvR 1742\/09; BGH NJW-RR 2016, 1136<\/p>\n<p><strong>3.Vereinbarkeit der Entscheidung des EUGH NJW 2014, 2257 mit der deutschen Rechtsprechung, insbesondere des BGH zu den \u201eOnline-Archiven\u201c <\/strong><\/p>\n<p>z.B. BGH MMR 2011, 548 \u2013 szarchiv; BGH GRUR 2013, 200 \u2013 Apollonia; BGH NJW 2013, 229 \u2013 Gazprom-Manager; BGH GRUR 2016, 532<\/p>\n<ol start=\"4\">\n<li><strong> Die Berufsfreiheit des Art. 12 Abs. 1 GG als Schranke staatlicher und privater \u00c4u\u00dferungen <\/strong><\/li>\n<\/ol>\n<p>z.B. BVerfG NJW 2002, 2621 \u2013 Glykol; BVerfG NJW-RR 2004, 1710 \u2013 G\u00f6ttinger Gruppe\/Gerlach-Report; BVerfG NJW 2008, 358 und BGH VersR 2008, 1081 \u2013 kapitalmarkt-intern<\/p>\n<ol start=\"5\">\n<li><strong> Kriterien zur Zul\u00e4ssigkeit der Namensnennung oder sonstiger identifizierender Wortberichterstattung im Zusammenhang mit der Ver\u00f6ffentlichung von Verfehlungen oder des Verdachts von Verfehlungen <\/strong><\/li>\n<\/ol>\n<p>z.B. BVerfG NJW 2000, 2413 \u2013 Hallenser Liste; BVerfG NJW 2006, 2835; BVerfG NJW 2014, 2019; BGH BGH AfP 1994,306 \u2013 Stasi-Liste; BGH AfP 2007, 44 \u2013 Klinik-Gesch\u00e4ftsf\u00fchrer; OLG Rostock MDR 2009, 986; OLG Karlsruhe NJW-RR 2015,670<\/p>\n<ol start=\"6\">\n<li><strong> Die Darlegungs- und Beweislast bei der gerichtlichen Geltendmachung von Unterlassungs-, Schadensersatz- und Geldentsch\u00e4digungsanspr\u00fcchen auf Grund von Tatsachenbehauptungen <\/strong><\/li>\n<\/ol>\n<p>z.B. BVerfG NJW 1980, 2070 \u2013 Eppler; BVerfG NJW 1999, 1322 \u2013 Helnwein; BGH NJW 1985,1621 \u2013 T\u00fcrkol I; BGH NJW 1987,1621 \u2013 Chemiegift; BGH NJW 1996, 1131 \u2013 Lohnkiller; BGH NJW 2014, 2029 \u2013 Sachsensumpf<\/p>\n<ol start=\"7\">\n<li><strong> Die Grenzen der Meinungsfreiheit bei \u00c4u\u00dferungen \u00fcber einen Mitbewerber <\/strong><\/li>\n<\/ol>\n<p>z.B. BVerfG GRUR 2008, 81 \u2013 Pharmakartell; BGH NJW 1982, 637 \u2013 Restquoten; BGH AfP 1995, 404 \u2013 Dubioses Gesch\u00e4ftsgebaren; BGH AfP 1998, 909 \u2013 Restaurantf\u00fchrer; BGH GRUR 2012, 74 \u2013 Coaching-Newsletter; BGH NJW 2016, 3373 \u2013 Im Immobiliensumpf<\/p>\n<ol start=\"8\">\n<li><strong> Die Behauptung \u201einnerer Tatsachen\u201c und ihre Abgrenzung zu Meinungs\u00e4u\u00dferungen im Spannungsfeld zwischen dem Pers\u00f6nlichkeitsrecht und der Meinungsfreiheit <\/strong><\/li>\n<\/ol>\n<p>z.B. BVerfG NJW 2007, 2686; BGH NJW 1992, 1314; BGH NJW 2008, 2262; BGH NJW 2016, 3373<\/p>\n<ol start=\"9\">\n<li><strong> Die Zul\u00e4ssigkeit von Boykottaufrufen im Spannungsfeld zwischen den Rechten des Boykottierten und der Meinungsfreiheit des Boykottaufrufers<\/strong><\/li>\n<\/ol>\n<p>z.B. BVerfG NJW 58, 257 \u2013 L\u00fcth; BVerfG NJW 69, 1161 \u2013 Blinkfuer; BVerfG NJW-RR 2008, 200 \u2013 Plakatieren f\u00fcr Scientology; BGH GRUR 1980, 241 \u2013 Denkzettelaktion; BGH NJW 1985, 62 \u2013 Copy-Charge; BGH NJW 2016, 1584 \u2013 Nerzqu\u00e4ler<\/p>\n<ol start=\"10\">\n<li><strong> Die EGMR- und deutsche h\u00f6chstrichterliche Rechtsprechung zu den Holocaust-Vergleichen der Abtreibungsgegner und zu deren Aktionen vor den Abtreibungspraxen \u2013 Das Spannungsverh\u00e4ltnis zwischen der Meinungsfreiheit der Abtreibungsgegner einerseits und dem Pers\u00f6nlichkeitsrecht und der Berufsfreiheit der \u00c4rzte andererseits<\/strong><\/li>\n<\/ol>\n<p>z.B. EGMR NJW 2016, 1867; BVerfG NJW 2006, 3769 \u2013 Babycaust; BVerfG NJW 2011, 47<\/p>\n<ol start=\"11\">\n<li><strong> Der Schutz der Prominenten in Bezug auf die Geheimhaltung ihrer Partnerschaften in der Wort- und Bildberichterstattung<\/strong><\/li>\n<\/ol>\n<p>z.B. BGH NJW 2012, 763; BGH AfP 2017, 310<\/p>\n<ol start=\"12\">\n<li><strong> Reichweite der Einwilligung nach \u00a7 22 KUG und die Voraussetzungen ihres Widerrufs<\/strong><\/li>\n<\/ol>\n<p>z.B. BAG NJW 2015, 2140; BGH NJW 2016, 1094; OLG M\u00fcnchen AfP 89, 570<\/p>\n<ol start=\"13\">\n<li><strong> Kriterien f\u00fcr das \u201eZu-Eigen-Machen\u201c fremder rechtswidriger \u00c4u\u00dferungen in Medienver\u00f6ffentlichungen und die daraus in Betracht kommenden Anspr\u00fcche der Betroffenen<\/strong><\/li>\n<\/ol>\n<p>z.B. BGH NJW 76, 1198 \u2013 Panorama; BGH NJW 2010, 760 \u2013 Willemsen; BGH NJW 2015,3443 \u2013 Hotelbewertungsportal; BGH NJW 2017, 2029<\/p>\n<ol start=\"14\">\n<li><strong> Die Haftung der Betreiber von News-und Bewertungsportalen f\u00fcr Kommentare der Nutzer <\/strong><\/li>\n<\/ol>\n<p>z.B. EGMR NJW 2015, 2863 Delfi AS\/Estland; EGMR NJW 2017, 2091; BGH NJW 2009, 2888 \u2013 Spick mich; BGH NJW 2015, 3443 \u2013 Hotelbewertungsportal; BGH NJW 2015, 489 \u2013 Jameda I; BGH NJW 2016, 2106\u00a0\u2013 Jameda II<\/p>\n<ol start=\"15\">\n<li><strong> Der Einfluss des Todes des Kl\u00e4gers auf gerichtlich geltend gemachte nicht rechtskr\u00e4ftig festgestellte Anspr\u00fcche aus der Verletzung seiner ideellen (nicht-kommerziellen) Pers\u00f6nlichkeitsrechte \u2013 Vererblichkeit dieser Anspr\u00fcche und die M\u00f6glichkeiten der prozessualen Fortsetzung durch die Hinterbliebenen<\/strong><\/li>\n<li>B. BGH NJW 2014, 2871; BGH NJW 2017, 3004; OLG M\u00fcnchen NJW 1992, 1323<\/li>\n<\/ol>\n<p>&nbsp;<\/p>\n<p>Neben der Teilnahme an der Vorbesprechung ist eine fristgem\u00e4\u00dfe und verbindliche Anmeldung in WiLMa II erforderlich. Das Seminar wird voraussichtlich im Mai oder Juni 2018 als ein- oder zweit\u00e4gige Blockveranstaltung stattfinden. Bei zweit\u00e4gigen Veranstaltungen ist zur Erbringung der Pr\u00fcfungsleistung die Teilnahme an beiden Tagen erforderlich.<\/p>\n<p>Bei R\u00fcckfragen wenden Sie sich bitte per E-Mail an:<\/p>\n<p>&nbsp;<\/p>\n<p><strong>Julia Dreyer<\/strong><\/p>\n<p>Wissenschaftliche Mitarbeiterin<\/p>\n<p>Institut f\u00fcr Informations-, Telekommunikations- und Medienrecht<\/p>\n<p>\u2013 Zivilrechtliche Abteilung, Prof. Dr. Thomas Hoeren \u2013<\/p>\n<p>Leonardo-Campus 9<\/p>\n<p>48149 M\u00fcnster<\/p>\n<p>E-Mail: <a href=\"mailto:julia.dreyer@uni-muenster.de\">julia.dreyer@uni-muenster.de<\/a><\/p>\n","protected":false},"excerpt":{"rendered":"<p>&nbsp; Prof. Dr. Thomas Hoeren wird im Sommersemester 2018 gemeinsam mit Herrn RA R\u00fcdiger Sch\u00e4fer ein Seminar veranstalten zu dem Thema: \u201eMedienprivatrecht\u201c &nbsp; Die Vorbesprechung des Seminars findet am 9. Januar 2018 um 16 Uhr s. t. im Arbeitsraum des ITM (3. OG, links) statt. Nur Teilnehmer dieser Vorbesprechung k\u00f6nnen als Teilnehmer f\u00fcr das Seminar [&#8230;]\n","protected":false},"author":17,"featured_media":23694,"comment_status":"closed","ping_status":"closed","sticky":false,"template":"","format":"standard","meta":{"_acf_changed":false,"footnotes":""},"categories":[1],"tags":[],"class_list":["post-27486","post","type-post","status-publish","format-standard","has-post-thumbnail","hentry","category-unkategorisiert"],"acf":[],"_links":{"self":[{"href":"https:\/\/www.itm.nrw\/en\/wp-json\/wp\/v2\/posts\/27486","targetHints":{"allow":["GET"]}}],"collection":[{"href":"https:\/\/www.itm.nrw\/en\/wp-json\/wp\/v2\/posts"}],"about":[{"href":"https:\/\/www.itm.nrw\/en\/wp-json\/wp\/v2\/types\/post"}],"author":[{"embeddable":true,"href":"https:\/\/www.itm.nrw\/en\/wp-json\/wp\/v2\/users\/17"}],"replies":[{"embeddable":true,"href":"https:\/\/www.itm.nrw\/en\/wp-json\/wp\/v2\/comments?post=27486"}],"version-history":[{"count":0,"href":"https:\/\/www.itm.nrw\/en\/wp-json\/wp\/v2\/posts\/27486\/revisions"}],"wp:featuredmedia":[{"embeddable":true,"href":"https:\/\/www.itm.nrw\/en\/wp-json\/wp\/v2\/media\/23694"}],"wp:attachment":[{"href":"https:\/\/www.itm.nrw\/en\/wp-json\/wp\/v2\/media?parent=27486"}],"wp:term":[{"taxonomy":"category","embeddable":true,"href":"https:\/\/www.itm.nrw\/en\/wp-json\/wp\/v2\/categories?post=27486"},{"taxonomy":"post_tag","embeddable":true,"href":"https:\/\/www.itm.nrw\/en\/wp-json\/wp\/v2\/tags?post=27486"}],"curies":[{"name":"wp","href":"https:\/\/api.w.org\/{rel}","templated":true}]}}