{"id":27481,"date":"2018-01-18T11:53:48","date_gmt":"2018-01-18T10:53:48","guid":{"rendered":"https:\/\/www.itm.nrw\/tagungsbericht-blockchain-chancen-recht-und-regulierung\/"},"modified":"2018-01-18T11:53:48","modified_gmt":"2018-01-18T10:53:48","slug":"tagungsbericht-blockchain-chancen-recht-und-regulierung","status":"publish","type":"post","link":"https:\/\/www.itm.nrw\/en\/tagungsbericht-blockchain-chancen-recht-und-regulierung\/","title":{"rendered":"Tagungsbericht: &#8220;Blockchain: Chancen, Recht und Regulierung&#8221;"},"content":{"rendered":"<p>Im aktuellen MMR-Fokus 01\/2018 ist ein Bericht von Johannes Baur zur Tagung \u201eBlockchain: Chancen, Recht und Regulierung\u201c der RWT\u00dcV Stiftung und des ITM vom 07. November 2017 in M\u00fcnster erschienen:<\/p>\n<p><em>Anl\u00e4sslich des zehnj\u00e4hrigen Jubil\u00e4ums der RWT\u00dcV Stiftung fand am 7.11.2017 die gemeinsam mit dem Institut f\u00fcr Informations-, Telekommunikations- und Medienrecht der WWU M\u00fcnster veranstaltete Fachtagung \u201eBlockchain: Chancen, Recht und Regulierung\u201c statt. Prof. Dr. Karl Friedrich Jacob, Vorsitzender des Vorstands der RWT\u00dcV Stiftung, sowie Prof. Dr. Nikolas Guggenberger, RWT\u00dcV Stiftungsjuniorprofessor, empfingen die G\u00e4ste im Erbdrostenhof in M\u00fcnster. Zur Begr\u00fc\u00dfung sprach ebenfalls Prof. Dr. phil. h.c. Michael Quante, Philosophieprofessor mit Schwerpunkt Praktische Philosophie und Prorektor f\u00fcr Internationales und Transfer der WWU M\u00fcnster, der neben seinem Dank an die RWT\u00dcV Stiftung f\u00fcr die Initiative zur Tagung deren Interdisziplinarit\u00e4t lobend hervorhob.<\/em><\/p>\n<p><a href=\"http:\/\/rsw.beck.de\/cms\/?toc=mmr.130&amp;docid=400566\" target=\"_blank\" rel=\"noopener\">Zum vollen Artikel<\/a><\/p>\n","protected":false},"excerpt":{"rendered":"<p>Im aktuellen MMR-Fokus 01\/2018 ist ein Bericht von Johannes Baur zur Tagung \u201eBlockchain: Chancen, Recht und Regulierung\u201c der RWT\u00dcV Stiftung und des ITM vom 07. November 2017 in M\u00fcnster erschienen: Anl\u00e4sslich des zehnj\u00e4hrigen Jubil\u00e4ums der RWT\u00dcV Stiftung fand am 7.11.2017 die gemeinsam mit dem Institut f\u00fcr Informations-, Telekommunikations- und Medienrecht der WWU M\u00fcnster veranstaltete Fachtagung [&#8230;]\n","protected":false},"author":27,"featured_media":23694,"comment_status":"closed","ping_status":"closed","sticky":false,"template":"","format":"standard","meta":{"_acf_changed":false,"footnotes":""},"categories":[1],"tags":[],"class_list":["post-27481","post","type-post","status-publish","format-standard","has-post-thumbnail","hentry","category-unkategorisiert"],"acf":[],"_links":{"self":[{"href":"https:\/\/www.itm.nrw\/en\/wp-json\/wp\/v2\/posts\/27481","targetHints":{"allow":["GET"]}}],"collection":[{"href":"https:\/\/www.itm.nrw\/en\/wp-json\/wp\/v2\/posts"}],"about":[{"href":"https:\/\/www.itm.nrw\/en\/wp-json\/wp\/v2\/types\/post"}],"author":[{"embeddable":true,"href":"https:\/\/www.itm.nrw\/en\/wp-json\/wp\/v2\/users\/27"}],"replies":[{"embeddable":true,"href":"https:\/\/www.itm.nrw\/en\/wp-json\/wp\/v2\/comments?post=27481"}],"version-history":[{"count":0,"href":"https:\/\/www.itm.nrw\/en\/wp-json\/wp\/v2\/posts\/27481\/revisions"}],"wp:featuredmedia":[{"embeddable":true,"href":"https:\/\/www.itm.nrw\/en\/wp-json\/wp\/v2\/media\/23694"}],"wp:attachment":[{"href":"https:\/\/www.itm.nrw\/en\/wp-json\/wp\/v2\/media?parent=27481"}],"wp:term":[{"taxonomy":"category","embeddable":true,"href":"https:\/\/www.itm.nrw\/en\/wp-json\/wp\/v2\/categories?post=27481"},{"taxonomy":"post_tag","embeddable":true,"href":"https:\/\/www.itm.nrw\/en\/wp-json\/wp\/v2\/tags?post=27481"}],"curies":[{"name":"wp","href":"https:\/\/api.w.org\/{rel}","templated":true}]}}