{"id":27477,"date":"2018-03-01T17:58:12","date_gmt":"2018-03-01T16:58:12","guid":{"rendered":"https:\/\/www.itm.nrw\/weltweit-erste-art-law-clinic-eroeffnet\/"},"modified":"2018-03-01T17:58:12","modified_gmt":"2018-03-01T16:58:12","slug":"weltweit-erste-art-law-clinic-eroeffnet","status":"publish","type":"post","link":"https:\/\/www.itm.nrw\/en\/weltweit-erste-art-law-clinic-eroeffnet\/","title":{"rendered":"Weltweit erste Art Law Clinic er\u00f6ffnet"},"content":{"rendered":"<p>Die weltweit einzigartige Institution einer studentischen Rechtsberatung f\u00fcr Kunststudierende \u00f6ffnet nun offiziell ihre T\u00fcren. Die Art Law Clinic, das Gemeinschaftsprojekt der Kunstakademie M\u00fcnster und der zivilrechtlichen Abteilung des Instituts f\u00fcr Informations-, Telekommunikations- und Medienrecht in M\u00fcnster wurde am 26. Februar 2018 der \u00d6ffentlichkeit vorgestellt.<\/p>\n<p><img loading=\"lazy\" decoding=\"async\" class=\"size-large wp-image-13725 aligncenter\" src=\"http:\/\/www.uni-muenster.de\/Jura.itm\/hoeren\/itm\/wp-content\/uploads\/Gruppenfoto_Lehmann-420x280.jpg\" alt=\"\" width=\"420\" height=\"280\" \/><\/p>\n<p><!--more--><\/p>\n<p>&nbsp;<\/p>\n<p>Professor Hoeren er\u00f6ffnete die Veranstaltung und betonte in seiner Rede die Einzigartigkeit der Idee einer studentischen Rechtsberatung speziell f\u00fcr Kunstrecht. <img loading=\"lazy\" decoding=\"async\" class=\"size-medium wp-image-13709 alignright\" src=\"http:\/\/www.uni-muenster.de\/Jura.itm\/hoeren\/itm\/wp-content\/uploads\/IMG_0048-220x147.jpg\" alt=\"\" width=\"220\" height=\"147\" \/>Rechtliche Fragen entst\u00fcnden im Kunstbereich vielerorts, etwa bei der Vertragsgestaltung, der K\u00fcnstlersozialkasse und selbst beim Schreiben von Rechnungen. Zu diesen und weiteren Fragen wird in Zukunft ein umfassender Leitfaden erstellt, der Studierenden kostenlos zur Verf\u00fcgung gestellt wird. Besonderem Dank lie\u00df er Prof. Dr. Nina Gerlach und Frank Bartsch von der Kunstakademie sowie Rechtsanwalt Norbert Burke und den f\u00fcnf Mitarbeitern der Art Law Clinic zukommen.<\/p>\n<p><img loading=\"lazy\" decoding=\"async\" class=\"size-medium wp-image-13710 alignleft\" src=\"http:\/\/www.uni-muenster.de\/Jura.itm\/hoeren\/itm\/wp-content\/uploads\/IMG_0057-220x147.jpg\" alt=\"\" width=\"220\" height=\"147\" \/>Anschlie\u00dfend stellte Professorin Nina Gerlach (Professur f\u00fcr \u00c4sthetik und Kunstwissenschaft an der Kunstakademie), die gesellschaftliche Relevanz von Kunst dar. Diese ergebe sich nicht zuletzt aus ihrer demokratiegebenden Position und erfordere deshalb eine rechtliche Ausgestaltung. Kunst habe die einzigartige F\u00e4higkeit, auf alle anderen Systeme, wie etwa das Recht oder die Medien, Bezug zu nehmen. Prof. Dr. Gerlach beschreibt Kunst als Innovationsmotor und freiwillig ins Haus geholter St\u00f6renfried. Vor diesem Hintergrund m\u00fcsse die rechtliche Selbststigmatisierung und Selbstkriminalisierung des K\u00fcnstlers durch die Kl\u00e4rung rechtlicher Fragen beendet werden.<\/p>\n<p><img loading=\"lazy\" decoding=\"async\" class=\"size-medium wp-image-13713 alignright\" src=\"http:\/\/www.uni-muenster.de\/Jura.itm\/hoeren\/itm\/wp-content\/uploads\/IMG_0068-220x147.jpg\" alt=\"\" width=\"220\" height=\"147\" \/>Schlie\u00dflich erhielt Frank Bartsch, selbst Jurist und Kanzler der Kunstakademie M\u00fcnster das Wort und bezeichnete die Vielzahl der kunstrechtlichen Fragen als fast un\u00fcberschaubar. Aus diesem Grund freue er sich, mit der Art Law Clinic die Beantwortung dieser Fragen nun auf ein professionelles Niveau heben zu k\u00f6nnen. Das Verh\u00e4ltnis von Kunst und Recht komme jedoch nicht ohne Kontroversen aus, so Bartsch. So d\u00fcrfe das Recht nie das kreative Denken des K\u00fcnstlers einschr\u00e4nken, sondern lediglich in zweiter Stufe etwaige Problemstellungen aufzeigen und l\u00f6sen.<\/p>\n<p>Der Vorstellung des Projekts schloss sich ein juristisches Seminar zum Kunstrecht an. Auch hier zeigt sich, wie vielf\u00e4ltig und komplex dieses Rechtsgebiet ist.<\/p>\n<p>Mehr Informationen zu dem Projekt finden Sie <a href=\"http:\/\/www.uni-muenster.de\/Jura.itm\/hoeren\/forschung\/projekte\/art-law-clinic\">hier<\/a>.<\/p>\n<p>&nbsp;<\/p>\n","protected":false},"excerpt":{"rendered":"<p>Die weltweit einzigartige Institution einer studentischen Rechtsberatung f\u00fcr Kunststudierende \u00f6ffnet nun offiziell ihre T\u00fcren. Die Art Law Clinic, das Gemeinschaftsprojekt der Kunstakademie M\u00fcnster und der zivilrechtlichen Abteilung des Instituts f\u00fcr Informations-, Telekommunikations- und Medienrecht in M\u00fcnster wurde am 26. Februar 2018 der \u00d6ffentlichkeit vorgestellt.<\/p>\n","protected":false},"author":26,"featured_media":23694,"comment_status":"closed","ping_status":"closed","sticky":false,"template":"","format":"standard","meta":{"_acf_changed":false,"footnotes":""},"categories":[1],"tags":[],"class_list":["post-27477","post","type-post","status-publish","format-standard","has-post-thumbnail","hentry","category-unkategorisiert"],"acf":[],"_links":{"self":[{"href":"https:\/\/www.itm.nrw\/en\/wp-json\/wp\/v2\/posts\/27477","targetHints":{"allow":["GET"]}}],"collection":[{"href":"https:\/\/www.itm.nrw\/en\/wp-json\/wp\/v2\/posts"}],"about":[{"href":"https:\/\/www.itm.nrw\/en\/wp-json\/wp\/v2\/types\/post"}],"author":[{"embeddable":true,"href":"https:\/\/www.itm.nrw\/en\/wp-json\/wp\/v2\/users\/26"}],"replies":[{"embeddable":true,"href":"https:\/\/www.itm.nrw\/en\/wp-json\/wp\/v2\/comments?post=27477"}],"version-history":[{"count":0,"href":"https:\/\/www.itm.nrw\/en\/wp-json\/wp\/v2\/posts\/27477\/revisions"}],"wp:featuredmedia":[{"embeddable":true,"href":"https:\/\/www.itm.nrw\/en\/wp-json\/wp\/v2\/media\/23694"}],"wp:attachment":[{"href":"https:\/\/www.itm.nrw\/en\/wp-json\/wp\/v2\/media?parent=27477"}],"wp:term":[{"taxonomy":"category","embeddable":true,"href":"https:\/\/www.itm.nrw\/en\/wp-json\/wp\/v2\/categories?post=27477"},{"taxonomy":"post_tag","embeddable":true,"href":"https:\/\/www.itm.nrw\/en\/wp-json\/wp\/v2\/tags?post=27477"}],"curies":[{"name":"wp","href":"https:\/\/api.w.org\/{rel}","templated":true}]}}