{"id":27467,"date":"2018-06-12T13:03:06","date_gmt":"2018-06-12T11:03:06","guid":{"rendered":"https:\/\/www.itm.nrw\/seminarankuendigung-plattformregulierung-und-soziale-medien\/"},"modified":"2018-06-12T13:03:06","modified_gmt":"2018-06-12T11:03:06","slug":"seminarankuendigung-plattformregulierung-und-soziale-medien","status":"publish","type":"post","link":"https:\/\/www.itm.nrw\/en\/seminarankuendigung-plattformregulierung-und-soziale-medien\/","title":{"rendered":"Seminarank\u00fcndigung: &#8220;Plattformregulierung und soziale Medien&#8221;"},"content":{"rendered":"<p>Prof. Dr. Nikolas Guggenberger, LL.M. (Stanford) wird im <strong>Wintersemester 2018\/19<\/strong> ein Seminar zum Thema<\/p>\n<p style=\"text-align: center\"><strong>Plattformregulierung und soziale Medien<br \/>\n<\/strong><\/p>\n<p>veranstalten. Die Vorbesprechung und Themenvergabe f\u00fcr das Seminars findet <strong>am 20. Juni 2018 um 18 Uhr im Arbeitsraum des ITM (3. OG, links) <\/strong>statt. Nur Teilnehmer dieser Vorbesprechung k\u00f6nnen als Teilnehmer f\u00fcr das Seminar ber\u00fccksichtigt werden. Folgende Themen stehen zur Auswahl:<\/p>\n<ol>\n<li>Das NetzDG &#8211; neue Rechtsbehelfe<\/li>\n<li>Das NetzDG und deutsches Verfassungsrecht<\/li>\n<li>Das NetzDG und Europarecht<!--more--><\/li>\n<li>Die Kompetenz des Bundes zur Regulierung sozialer Medien<\/li>\n<li>Hasskommentare und Fake News &#8211; alternative Regulierungskonzepte<\/li>\n<li>Marktmacht sozialer Medien<\/li>\n<li>Missbrauchskontrolle und soziale Medien<\/li>\n<li>Pers\u00f6nlichkeitsrechte bei Bewertungsplattformen<\/li>\n<li>Wettbewerbsrecht und nicht-monet\u00e4re Kompensation bei virtuellen Plattformen<\/li>\n<li>Daten als Entgelt<\/li>\n<li>&#8220;Datensteuern&#8221; unter Ber\u00fccksichtigung des Vorschlags der Europ\u00e4ischen Kommission (COM(2018) 147 final)<\/li>\n<li>Die Zul\u00e4ssigkeit von Vertriebsbeschr\u00e4nkungen im E-Commerce &#8211; eine Auseinandersetzung mit EuGH C &#8211; 230\/16<\/li>\n<li>Geo-Blocking: zwischen Kartell- und Urheberrecht<\/li>\n<\/ol>\n<p>Neben der Teilnahme an der Vorbesprechung ist eine fristgem\u00e4\u00dfe und verbindliche Anmeldung in WiLMa II erforderlich. Das Seminar wird im Wintersemster als ein- oder zweit\u00e4gige Blockveranstaltung stattfinden. Bei Veranstaltungen ist zur Erbringung der Pr\u00fcfungsleistung die Teilnahme an beiden Tagen erforderlich.<\/p>\n<p>Bei R\u00fcckfragen wenden Sie sich bitte an:<\/p>\n<p><strong>Lukas Willecke<\/strong><\/p>\n<p>Wissenschaftlicher Mitarbeiter<\/p>\n<p>&nbsp;<\/p>\n<p>Institut f\u00fcr Informations-, Telekommunikations- und Medienrecht<\/p>\n<p>\u2013 Zivilrechtliche Abteilung \u2013<\/p>\n<p>Prof. Dr. Nikolas Guggenberger, LL.M. (Stanford)<\/p>\n<p>Leonardo-Campus 9<\/p>\n<p>48149 M\u00fcnster<\/p>\n<p>&nbsp;<\/p>\n<p>Telefon: +49 251 83-38627<\/p>\n<p>Telefax: +49 251 83-38601<\/p>\n<p>E-Mail: <a href=\"mailto:lukas.willecke@uni-muenster.de\">lukas.willecke@uni-muenster.de<\/a><\/p>\n","protected":false},"excerpt":{"rendered":"<p>Prof. Dr. Nikolas Guggenberger, LL.M. (Stanford) wird im Wintersemester 2018\/19 ein Seminar zum Thema Plattformregulierung und soziale Medien veranstalten. Die Vorbesprechung und Themenvergabe f\u00fcr das Seminars findet am 20. Juni 2018 um 18 Uhr im Arbeitsraum des ITM (3. OG, links) statt. Nur Teilnehmer dieser Vorbesprechung k\u00f6nnen als Teilnehmer f\u00fcr das Seminar ber\u00fccksichtigt werden. Folgende [&#8230;]\n","protected":false},"author":24,"featured_media":23694,"comment_status":"closed","ping_status":"closed","sticky":false,"template":"","format":"standard","meta":{"_acf_changed":false,"footnotes":""},"categories":[1],"tags":[],"class_list":["post-27467","post","type-post","status-publish","format-standard","has-post-thumbnail","hentry","category-unkategorisiert"],"acf":[],"_links":{"self":[{"href":"https:\/\/www.itm.nrw\/en\/wp-json\/wp\/v2\/posts\/27467","targetHints":{"allow":["GET"]}}],"collection":[{"href":"https:\/\/www.itm.nrw\/en\/wp-json\/wp\/v2\/posts"}],"about":[{"href":"https:\/\/www.itm.nrw\/en\/wp-json\/wp\/v2\/types\/post"}],"author":[{"embeddable":true,"href":"https:\/\/www.itm.nrw\/en\/wp-json\/wp\/v2\/users\/24"}],"replies":[{"embeddable":true,"href":"https:\/\/www.itm.nrw\/en\/wp-json\/wp\/v2\/comments?post=27467"}],"version-history":[{"count":0,"href":"https:\/\/www.itm.nrw\/en\/wp-json\/wp\/v2\/posts\/27467\/revisions"}],"wp:featuredmedia":[{"embeddable":true,"href":"https:\/\/www.itm.nrw\/en\/wp-json\/wp\/v2\/media\/23694"}],"wp:attachment":[{"href":"https:\/\/www.itm.nrw\/en\/wp-json\/wp\/v2\/media?parent=27467"}],"wp:term":[{"taxonomy":"category","embeddable":true,"href":"https:\/\/www.itm.nrw\/en\/wp-json\/wp\/v2\/categories?post=27467"},{"taxonomy":"post_tag","embeddable":true,"href":"https:\/\/www.itm.nrw\/en\/wp-json\/wp\/v2\/tags?post=27467"}],"curies":[{"name":"wp","href":"https:\/\/api.w.org\/{rel}","templated":true}]}}