{"id":27462,"date":"2018-09-27T09:12:27","date_gmt":"2018-09-27T07:12:27","guid":{"rendered":"https:\/\/www.itm.nrw\/podcast-datenschutzrecht-fuer-aerzte-und-medizinische-dienste\/"},"modified":"2018-09-27T09:12:27","modified_gmt":"2018-09-27T07:12:27","slug":"podcast-datenschutzrecht-fuer-aerzte-und-medizinische-dienste","status":"publish","type":"post","link":"https:\/\/www.itm.nrw\/en\/podcast-datenschutzrecht-fuer-aerzte-und-medizinische-dienste\/","title":{"rendered":"Podcast: Datenschutzrecht f\u00fcr \u00c4rzte und medizinische Dienste"},"content":{"rendered":"<p style=\"text-align: justify;\">In einer neuen Folge des <strong>ITM-Podcasts<\/strong> setzt sich <strong>Prof. Dr. Thomas Hoeren<\/strong> mit den datenschutzrechtlichen Herausforderungen f\u00fcr \u00c4rzte und medizinische Dienste auseinander. Hierbei r\u00e4umt er mit Irrglauben bez\u00fcglich der Datenschutzgrundverordnung (DS-GVO) auf und stellt die wesentlichen Pflichten f\u00fcr \u00c4rzte und medizinische Dienste dar, die sich aus dem harmonisierten Datenschutzrecht ergeben.<\/p>\n<p>&nbsp;<\/p>\n<p>&nbsp;<\/p>\n","protected":false},"excerpt":{"rendered":"<p>In einer neuen Folge des ITM-Podcasts setzt sich Prof. Dr. Thomas Hoeren mit den datenschutzrechtlichen Herausforderungen f\u00fcr \u00c4rzte und medizinische Dienste auseinander. Hierbei r\u00e4umt er mit Irrglauben bez\u00fcglich der Datenschutzgrundverordnung (DS-GVO) auf und stellt die wesentlichen Pflichten f\u00fcr \u00c4rzte und medizinische Dienste dar, die sich aus dem harmonisierten Datenschutzrecht ergeben. &nbsp; &nbsp;<\/p>\n","protected":false},"author":28,"featured_media":23694,"comment_status":"closed","ping_status":"closed","sticky":false,"template":"","format":"standard","meta":{"_acf_changed":false,"footnotes":""},"categories":[1],"tags":[],"class_list":["post-27462","post","type-post","status-publish","format-standard","has-post-thumbnail","hentry","category-unkategorisiert"],"acf":[],"_links":{"self":[{"href":"https:\/\/www.itm.nrw\/en\/wp-json\/wp\/v2\/posts\/27462","targetHints":{"allow":["GET"]}}],"collection":[{"href":"https:\/\/www.itm.nrw\/en\/wp-json\/wp\/v2\/posts"}],"about":[{"href":"https:\/\/www.itm.nrw\/en\/wp-json\/wp\/v2\/types\/post"}],"author":[{"embeddable":true,"href":"https:\/\/www.itm.nrw\/en\/wp-json\/wp\/v2\/users\/28"}],"replies":[{"embeddable":true,"href":"https:\/\/www.itm.nrw\/en\/wp-json\/wp\/v2\/comments?post=27462"}],"version-history":[{"count":0,"href":"https:\/\/www.itm.nrw\/en\/wp-json\/wp\/v2\/posts\/27462\/revisions"}],"wp:featuredmedia":[{"embeddable":true,"href":"https:\/\/www.itm.nrw\/en\/wp-json\/wp\/v2\/media\/23694"}],"wp:attachment":[{"href":"https:\/\/www.itm.nrw\/en\/wp-json\/wp\/v2\/media?parent=27462"}],"wp:term":[{"taxonomy":"category","embeddable":true,"href":"https:\/\/www.itm.nrw\/en\/wp-json\/wp\/v2\/categories?post=27462"},{"taxonomy":"post_tag","embeddable":true,"href":"https:\/\/www.itm.nrw\/en\/wp-json\/wp\/v2\/tags?post=27462"}],"curies":[{"name":"wp","href":"https:\/\/api.w.org\/{rel}","templated":true}]}}