{"id":27456,"date":"2018-11-05T18:21:36","date_gmt":"2018-11-05T17:21:36","guid":{"rendered":"https:\/\/www.itm.nrw\/bericht-zur-abida-gutachterfachtagung-big-data-intelligente-datenanalyse-fuer-die-datenoekonomie\/"},"modified":"2018-11-05T18:21:36","modified_gmt":"2018-11-05T17:21:36","slug":"bericht-zur-abida-gutachterfachtagung-big-data-intelligente-datenanalyse-fuer-die-datenoekonomie","status":"publish","type":"post","link":"https:\/\/www.itm.nrw\/en\/bericht-zur-abida-gutachterfachtagung-big-data-intelligente-datenanalyse-fuer-die-datenoekonomie\/","title":{"rendered":"Bericht zur ABIDA-Gutachterfachtagung \u201eBig Data: Intelligente Datenanalyse f\u00fcr die Daten\u00f6konomie"},"content":{"rendered":"<p><a href=\"https:\/\/www.itm.nrw\/wp-content\/uploads\/2018\/11\/IMG_3463.jpg\"><img loading=\"lazy\" decoding=\"async\" class=\"alignright wp-image-14514 size-large\" src=\"http:\/\/www.uni-muenster.de\/Jura.itm\/hoeren\/itm\/wp-content\/uploads\/IMG_3463-420x315.jpg\" alt=\"\" width=\"420\" height=\"315\" \/><\/a>Am 17. und 18. Oktober fand in den R\u00e4umen des Bundesministeriums f\u00fcr Bildung und Forschung in Berlin die ABIDA-Gutachterfachtagung \u201eBig Data: Intelligente Datenanalyse f\u00fcr die Daten\u00f6konomie\u201c statt. Dabei stellten Experten aus Wissenschaft und Praxis die von ihnen f\u00fcr das ABIDA-Projekt angefertigten Gutachten vor, die sich mit Fragestellungen rund um den Bereich Big Data befassen und konkrete Handlungsempfehlungen geben. Au\u00dferdem diskutierten die Teilnehmer einer Podiumsdiskussion zum Thema \u201eBig Data \u2013 Mehr als ein Hype\u201c \u00fcber die Frage der tats\u00e4chlichen Bedeutung von Big Data.<\/p>\n<p>Die f\u00fcr jedermann zug\u00e4ngliche Veranstaltung erfreute sich an einer Vielzahl von Experten, aufschlussreichen Diskussionen und interessierten G\u00e4sten.<\/p>\n<p>Bilder und weitere Informationen finden Sie <a href=\"http:\/\/www.abida.de\/sites\/default\/files\/Tagungsbericht.pdf\"><u>hier<\/u><\/a><\/p>\n","protected":false},"excerpt":{"rendered":"<p>Am 17. und 18. Oktober fand in den R\u00e4umen des Bundesministeriums f\u00fcr Bildung und Forschung in Berlin die ABIDA-Gutachterfachtagung \u201eBig Data: Intelligente Datenanalyse f\u00fcr die Daten\u00f6konomie\u201c statt. Dabei stellten Experten aus Wissenschaft und Praxis die von ihnen f\u00fcr das ABIDA-Projekt angefertigten Gutachten vor, die sich mit Fragestellungen rund um den Bereich Big Data befassen und [&#8230;]\n","protected":false},"author":2,"featured_media":23694,"comment_status":"closed","ping_status":"closed","sticky":false,"template":"","format":"standard","meta":{"_acf_changed":false,"footnotes":""},"categories":[1],"tags":[],"class_list":["post-27456","post","type-post","status-publish","format-standard","has-post-thumbnail","hentry","category-unkategorisiert"],"acf":[],"_links":{"self":[{"href":"https:\/\/www.itm.nrw\/en\/wp-json\/wp\/v2\/posts\/27456","targetHints":{"allow":["GET"]}}],"collection":[{"href":"https:\/\/www.itm.nrw\/en\/wp-json\/wp\/v2\/posts"}],"about":[{"href":"https:\/\/www.itm.nrw\/en\/wp-json\/wp\/v2\/types\/post"}],"author":[{"embeddable":true,"href":"https:\/\/www.itm.nrw\/en\/wp-json\/wp\/v2\/users\/2"}],"replies":[{"embeddable":true,"href":"https:\/\/www.itm.nrw\/en\/wp-json\/wp\/v2\/comments?post=27456"}],"version-history":[{"count":0,"href":"https:\/\/www.itm.nrw\/en\/wp-json\/wp\/v2\/posts\/27456\/revisions"}],"wp:featuredmedia":[{"embeddable":true,"href":"https:\/\/www.itm.nrw\/en\/wp-json\/wp\/v2\/media\/23694"}],"wp:attachment":[{"href":"https:\/\/www.itm.nrw\/en\/wp-json\/wp\/v2\/media?parent=27456"}],"wp:term":[{"taxonomy":"category","embeddable":true,"href":"https:\/\/www.itm.nrw\/en\/wp-json\/wp\/v2\/categories?post=27456"},{"taxonomy":"post_tag","embeddable":true,"href":"https:\/\/www.itm.nrw\/en\/wp-json\/wp\/v2\/tags?post=27456"}],"curies":[{"name":"wp","href":"https:\/\/api.w.org\/{rel}","templated":true}]}}