{"id":27305,"date":"2018-12-04T17:05:03","date_gmt":"2018-12-04T16:05:03","guid":{"rendered":"https:\/\/www.itm.nrw\/sportrechtseminar-2019\/"},"modified":"2018-12-04T17:05:03","modified_gmt":"2018-12-04T16:05:03","slug":"sportrechtseminar-2019","status":"publish","type":"post","link":"https:\/\/www.itm.nrw\/en\/sportrechtseminar-2019\/","title":{"rendered":"Sportrechtseminar 2019"},"content":{"rendered":"<p style=\"text-align: justify\">Prof. Dr. Thomas Hoeren und Prof. Dr. Gerald M\u00e4sch werden im Sommersemester 2019 wieder in Kooperation mit dem BVB\u00a009 ein<\/p>\n<h1 style=\"text-align: center\"><strong>Sportrechtseminar<\/strong><\/h1>\n<p style=\"text-align: justify\">veranstalten. Die Vorbesprechung und Themenvergabe f\u00fcr das Seminar findet <strong>am 17.\u00a0Dezember 2018 um 15 Uhr im Raum ULB\u00a01<\/strong> statt. Nur Teilnehmer dieser Vorbesprechung k\u00f6nnen f\u00fcr das Seminar ber\u00fccksichtigt werden. Neben der Teilnahme an der Vorbesprechung ist eine fristgem\u00e4\u00dfe und verbindliche Anmeldung in WiLMa\u00a0II (sp\u00e4testens bis zum 14. Januar 2019) und eine schriftliche Anmeldung am Lehrstuhl Hoeren (sp\u00e4testens bis zum 12.\u00a0Dezember 2018) unter Beibringung eines WiLMa\u00a0II-Ausdrucks erforderlich.<\/p>\n<p style=\"text-align: justify\">Das <strong>Anmeldeformular<\/strong> finden Sie <a href=\"https:\/\/www.itm.nrw\/wp-content\/uploads\/2018\/11\/Sportrechtseminar_Anmeldebogen.pdf\" target=\"_blank\" rel=\"noopener\">hier<\/a>.<\/p>\n<p><a href=\"https:\/\/www.itm.nrw\/wp-content\/uploads\/2018\/11\/Sportrechtseminar_Plakat.jpg\"><img loading=\"lazy\" decoding=\"async\" class=\"wp-image-14567 aligncenter\" src=\"https:\/\/www.itm.nrw\/wp-content\/uploads\/2018\/11\/Sportrechtseminar_Plakat.jpg\" alt=\"\" width=\"1030\" height=\"729\" srcset=\"https:\/\/www.itm.nrw\/wp-content\/uploads\/2018\/11\/Sportrechtseminar_Plakat.jpg 1704w, https:\/\/www.itm.nrw\/wp-content\/uploads\/2018\/11\/Sportrechtseminar_Plakat-300x212.jpg 300w, https:\/\/www.itm.nrw\/wp-content\/uploads\/2018\/11\/Sportrechtseminar_Plakat-1024x724.jpg 1024w, https:\/\/www.itm.nrw\/wp-content\/uploads\/2018\/11\/Sportrechtseminar_Plakat-768x543.jpg 768w, https:\/\/www.itm.nrw\/wp-content\/uploads\/2018\/11\/Sportrechtseminar_Plakat-1536x1086.jpg 1536w\" sizes=\"auto, (max-width: 1030px) 100vw, 1030px\" \/><!--more--><\/a><\/p>\n<h3 style=\"text-align: justify\"><strong>Wichtige Informationen:<\/strong><\/h3>\n<p style=\"text-align: justify\">Die <strong>Themen 1 bis 14<\/strong> werden vom Lehrstuhl Hoeren betreut. Studierende des Schwerpunkts Informations-, Telekommunikations- und Medienrecht (ITM; SP\u00a03) werden bevorzugt ber\u00fccksichtigt. Studierende anderer Schwerpunkte k\u00f6nnen nur ber\u00fccksichtigt werden, wenn sie die Vorlesung Urheberrecht besuchen oder besucht haben.<br \/>\nEine kurze Beschreibung der Themen finden Sie <a href=\"https:\/\/www.itm.nrw\/wp-content\/uploads\/2018\/11\/Sportrechtseminar_Themenvorschlaege_detailliert.pdf\" target=\"_blank\" rel=\"noopener\">hier<\/a>.<\/p>\n<p style=\"text-align: justify\">Die <strong>Themen 15 bis 19<\/strong> werden vom Lehrstuhl M\u00e4sch betreut.<\/p>\n<p style=\"text-align: justify\">Die Organisation des Seminars \u00fcbernimmt der Lehrstuhl Hoeren. Fragen bitte per E-Mail an:<br \/>\n<a href=\"mailto:armin.strobel@uni-muenster.de\">armin.strobel@uni-muenster.de<\/a> (Armin Strobel, ITM) und <a href=\"mailto:steffen.uphues@uni-muenster.de\">steffen.uphues@uni-muenster.de<\/a> (Steffen Uphues, ITM).<\/p>\n","protected":false},"excerpt":{"rendered":"<p>Prof. Dr. Thomas Hoeren und Prof. Dr. Gerald M\u00e4sch werden im Sommersemester 2019 wieder in Kooperation mit dem BVB\u00a009 ein Sportrechtseminar veranstalten. Die Vorbesprechung und Themenvergabe f\u00fcr das Seminar findet am 17.\u00a0Dezember 2018 um 15 Uhr im Raum ULB\u00a01 statt. Nur Teilnehmer dieser Vorbesprechung k\u00f6nnen f\u00fcr das Seminar ber\u00fccksichtigt werden. Neben der Teilnahme an der [&#8230;]\n","protected":false},"author":28,"featured_media":23694,"comment_status":"closed","ping_status":"closed","sticky":false,"template":"","format":"standard","meta":{"_acf_changed":false,"footnotes":""},"categories":[1],"tags":[],"class_list":["post-27305","post","type-post","status-publish","format-standard","has-post-thumbnail","hentry","category-unkategorisiert"],"acf":[],"_links":{"self":[{"href":"https:\/\/www.itm.nrw\/en\/wp-json\/wp\/v2\/posts\/27305","targetHints":{"allow":["GET"]}}],"collection":[{"href":"https:\/\/www.itm.nrw\/en\/wp-json\/wp\/v2\/posts"}],"about":[{"href":"https:\/\/www.itm.nrw\/en\/wp-json\/wp\/v2\/types\/post"}],"author":[{"embeddable":true,"href":"https:\/\/www.itm.nrw\/en\/wp-json\/wp\/v2\/users\/28"}],"replies":[{"embeddable":true,"href":"https:\/\/www.itm.nrw\/en\/wp-json\/wp\/v2\/comments?post=27305"}],"version-history":[{"count":0,"href":"https:\/\/www.itm.nrw\/en\/wp-json\/wp\/v2\/posts\/27305\/revisions"}],"wp:featuredmedia":[{"embeddable":true,"href":"https:\/\/www.itm.nrw\/en\/wp-json\/wp\/v2\/media\/23694"}],"wp:attachment":[{"href":"https:\/\/www.itm.nrw\/en\/wp-json\/wp\/v2\/media?parent=27305"}],"wp:term":[{"taxonomy":"category","embeddable":true,"href":"https:\/\/www.itm.nrw\/en\/wp-json\/wp\/v2\/categories?post=27305"},{"taxonomy":"post_tag","embeddable":true,"href":"https:\/\/www.itm.nrw\/en\/wp-json\/wp\/v2\/tags?post=27305"}],"curies":[{"name":"wp","href":"https:\/\/api.w.org\/{rel}","templated":true}]}}