{"id":27304,"date":"2018-12-05T09:15:59","date_gmt":"2018-12-05T08:15:59","guid":{"rendered":"https:\/\/www.itm.nrw\/seminar-medienprivatrecht\/"},"modified":"2018-12-05T09:15:59","modified_gmt":"2018-12-05T08:15:59","slug":"seminar-medienprivatrecht","status":"publish","type":"post","link":"https:\/\/www.itm.nrw\/en\/seminar-medienprivatrecht\/","title":{"rendered":"Seminar Medienprivatrecht"},"content":{"rendered":"<p style=\"text-align: center;\">Prof. Dr. Thomas Hoeren wird im<\/p>\n<p style=\"text-align: center;\"><strong>Sommersemester 2019<\/strong><\/p>\n<p style=\"text-align: center;\">gemeinsam mit Herrn RA R\u00fcdiger Sch\u00e4fer ein Seminar veranstalten zu dem Thema:<\/p>\n<p style=\"text-align: center;\"><strong>\u201eMedienprivatrecht\u201c<\/strong><\/p>\n<p style=\"text-align: center;\">Die Themenvergabe findet <strong>am Dienstag, den 18. Dezember 2018, um 9:00 Uhr s. t. im Arbeitsraum des ITM (3. OG) <\/strong>statt.<\/p>\n<p style=\"text-align: center;\">Nur TeilnehmerInnen dieser Themenvergabe k\u00f6nnen als TeilnehmerInnen f\u00fcr das Seminar ber\u00fccksichtigt werden.<\/p>\n<p style=\"text-align: center;\">Folgende Themen stehen zur Auswahl:<\/p>\n<p>&nbsp;<\/p>\n<p><!--more--><\/p>\n<p><strong>1. <\/strong><strong>Die Reichweite der Meinungsfreiheit bei kritischen \u00c4u\u00dferungen \u00fcber Unternehmen und\/oder ihre gesetzlichen Vertreter<\/strong><\/p>\n<p>z.B. BVerfG NJW 1992, 1439 \u2013 Kritische Bayer-Aktion\u00e4re; BVerfG NJW 2012,1643 \u2013Gr\u00fcne Gentechnik; BGH AfP 2008, 193 \u2013 namenloser Gutachter; BGH NJW 2009, 1872 \u2013 Fraport; BGH NJW 2009, 3580; BGH NJW 2015, 773<\/p>\n<p>&nbsp;<\/p>\n<p><strong>2. Der Ausschluss des Geldentsch\u00e4digungsanspruchs durch einen hinreichend anderweitigen Ausgleich<\/strong><\/p>\n<p>z.B. EGMR NJW 2017, 2891;\u00a0 BVerfG vom 23.09.2009 \u2013 1 BvR 1681\/09; BGH NJW 95,861 \u2013 Caroline I; BGH NJW 2010, 763 \u2013 Esra-Geldentsch\u00e4digung; BGH VI ZR 339\/08, BGH VI ZR 340\/08; BGH NJW-RR 2016, 1136<\/p>\n<p>&nbsp;<\/p>\n<p><strong>3. <\/strong><strong>Vereinbarkeit der Entscheidung des EUGH NJW 2014, 2257 mit der deutschen Rechtsprechung, insbesondere des BGH zu den \u201eOnline-Archiven\u201c <\/strong><\/p>\n<p>z.B. BGH MMR 2011, 548 \u2013 szarchiv; BGH GRUR 2013, 200 \u2013 Apollonia; BGH NJW 2013, 229 \u2013 Gazprom-Manager; BGH GRUR 2016, 532<\/p>\n<p>&nbsp;<\/p>\n<p><strong>4. Die Berufsfreiheit des Art. 12 Abs. 1 GG\u00a0 als Schranke staatlicher und privater \u00c4u\u00dferungen <\/strong><\/p>\n<p>z.B. BVerfG NJW 2002, 2621 \u2013 Glykol; BVerfG NJW-RR 2004, 1710 \u2013 G\u00f6ttinger Gruppe\/Gerlach-Report; BVerfG NJW 2008, 358; BGH VersR 2008, 1081 \u2013kapitalmarkt-intern<\/p>\n<p>&nbsp;<\/p>\n<p><strong>5. <\/strong><strong>Die Darlegungs- und Beweislast bei der gerichtlichen Geltendmachung von Unterlassungs-, Schadensersatz- und Geldentsch\u00e4digungsanspr\u00fcchen auf Grund von Tatsachenbehauptungen <\/strong><\/p>\n<p>z.B. BVerfG NJW 1980,2070 \u2013 Eppler; BVerfG NJW 1999, 1322 \u2013 Helnwein; BGH NJW 1985,1621 \u2013 T\u00fcrkol I;\u00a0 BGH NJW 1987,1621 \u2013 Chemiegift; BGH NJW 1996, 1131 \u2013 Lohnkiller; BGH NJW 2014, 2029 \u2013 Sachsensumpf<\/p>\n<p>&nbsp;<\/p>\n<p><strong>6. Die Behauptung \u201einnerer Tatsachen\u201c und ihre Abgrenzung zu Meinungs\u00e4u\u00dferungen im Spannungsfeld zwischen dem Pers\u00f6nlichkeitsrecht und der Meinungsfreiheit <\/strong><\/p>\n<p>z.B. BVerfG NJW 2007, 2686; BGH NJW 1992, 1314;\u00a0 BGH NJW 2008, 2262; BGH NJW 2016, 3373<\/p>\n<p><em>\u00a0<\/em><\/p>\n<p><strong>7. <\/strong><strong>Die Zul\u00e4ssigkeit von Boykottaufrufen im Spannungsfeld zwischen den Rechten des Boykottierten und der Meinungsfreiheit des Boykottaufrufers<\/strong><\/p>\n<p>z.B. BVerfG NJW 58, 257 \u2013 L\u00fcth; BVerfG NJW 69, 1161 \u2013 Blinkfuer; BVerfG NJW-RR 2008, 200 \u2013 Plakatieren f\u00fcr Scientology; BGH GRUR 1980, 241 \u2013 Denkzettelaktion; BGH NJW 1985, 62 \u2013 Copy-Charge; BGH NJW 2016, 1584 \u2013 Nerzqu\u00e4ler<\/p>\n<p>&nbsp;<\/p>\n<p><strong>8. <\/strong><strong>Die EGMR-\u00a0 und deutsche h\u00f6chstrichterliche Rechtsprechung zu den Holocaust-Vergleichen der Abtreibungsgegner und zu deren Aktionen vor den Abtreibungspraxen. Das Spannungsverh\u00e4ltnis zwischen der Meinungsfreiheit der Abtreibungsgegner einerseits und dem Pers\u00f6nlichkeitsrecht und der Berufsfreiheit der \u00c4rzte andererseits.<\/strong><\/p>\n<p>z.B. EGMR NJW 2016, 1867; BVerfG NJW 2006, 3769 \u2013 Babycaust; BVerfG NJW 2011, 47<\/p>\n<p><strong>\u00a0<\/strong><\/p>\n<p><strong>9. <\/strong><strong>Der Einfluss des Todes des Kl\u00e4gers auf gerichtlich geltend gemachte nicht rechtskr\u00e4ftig festgestellte Anspr\u00fcche aus der Verletzung seiner ideellen (nicht \u2013 kommerziellen) Pers\u00f6nlichkeitsrechte. <\/strong><strong>Vererblichkeit dieser Anspr\u00fcche und die M\u00f6glichkeiten der prozessualen Fortsetzung durch die Hinterbliebenen.<\/strong><\/p>\n<p>z.B. BGH NJW 2014, 2871; BGH NJW 2017, 3004; OLG M\u00fcnchen NJW 1992, 1323, OLG Koblenz, OLG K\u00f6ln AfP 2018, 375<\/p>\n<p>&nbsp;<\/p>\n<p><strong>10. <\/strong><strong>Voraussetzung und Reichweite des Schutzes vor der Ver\u00f6ffentlichung rechtswidrig erlangter Foto- und Filmaufnahmen von Betriebsinterna <\/strong><\/p>\n<p>z.B. BGH NJW 1998, 2141 \u2013 Ferienanlage; BGH NJW 2018, 2877 \u2013 Bio-H\u00fchnerst\u00e4lle<\/p>\n<p><strong>\u00a0<\/strong><\/p>\n<p><strong>11. <\/strong><strong>Grenzen der Berichterstattung \u00fcber neue Partnerschaften Prominenter in Wort- und Bild im Spannungsverh\u00e4ltnis zwischen Pers\u00f6nlichkeitsrecht und Pressefreiheit<\/strong><\/p>\n<p>z.B. BGH AfP 2012, 53; BGH AfP 2017, 310\u00b8OLG AfP 2017, 249<\/p>\n<p><strong>\u00a0<\/strong><\/p>\n<p><strong>12. <\/strong><strong>Voraussetzung und Umfang des &#8220;\u00e4u\u00dferungsrechtlichen Folgenbeseitigungsanspruchs&#8221; gegen\u00fcber den Medien bei einer im Ver\u00f6ffentlichungszeitpunkt rechtm\u00e4\u00dfigen Berichterstattung<\/strong><\/p>\n<p>z.B. BVerfG NJW 1997, 2589; BVerfG NJW 1998, 1381 \u2013 Helnwein; BVerfG NJW 2018, 2784; BGH NJW 60, 672 \u2013 La Chatte; BGH NJW 1972, 431; BGH NJW 2015, 778; OLG Hamburg AfP 2015, 253<\/p>\n<p>&nbsp;<\/p>\n<p><strong>13. <\/strong><strong>Der Eigentumsschutz gegen\u00fcber Ver\u00f6ffentlichungen von Geb\u00e4ude- und Grundst\u00fcckfotos<\/strong><\/p>\n<p>z.B. BGH NJW 1975,778 \u2013 Tegeler Schloss; BGH\u00a0 NJW 1989, 2251 \u2013 Friesenhaus; BGH NJW 2004, 594 \u2013 Wiener Hundertwasserhaus; BGH NJW 2002, 2394; BGH AfP 2012,158 \u2013 Preu\u00dfische G\u00e4rten und Parkanlagen I; BGH NJW 2018, 1809 \u2013 Preu\u00dfische G\u00e4rten und Parkanlagen II; KG GRUR 2013, 628; LG Hamburg NJW 2012, 1253<\/p>\n<h2><\/h2>\n<p><strong>14. <\/strong><strong>Der Schutz eines nicht beteiligten Dritten wegen Verletzung des Pers\u00f6nlichkeitsrechts und des Rechts am eigenen Bild in einem Prozess<\/strong><\/p>\n<p>z.B. BGH NJW 2008, 996; BGH NJW 2018, 2489<\/p>\n<h2><\/h2>\n<p><strong>15. Umfang und Grenzen der Zul\u00e4ssigkeit der Wort- und Bildberichterstattung \u00fcber gegenw\u00e4rtige und ehemalige Inhaber politischer \u00c4mter au\u00dferhalb \u00f6ffentlicher Auftritte<\/strong><\/p>\n<p>z.B. BGH NJW 2008, 3134 \u2013 Heide Simonis; BGH NJW 2009, 3030 \u2013 Villa Joschka Fischers; BGH NJW 2017, 804 \u2013 Wowereit; BGH NJW 2017, 1376 \u2013 Christian Wulff<\/p>\n<p>&nbsp;<\/p>\n<p>Neben der Teilnahme an der Vorbesprechung ist eine fristgem\u00e4\u00dfe und verbindliche Anmeldung in WiLMa II erforderlich. Das Seminar wird voraussichtlich im Mai oder Juni 2019 als ein- oder zweit\u00e4gige Blockveranstaltung stattfinden. Bei zweit\u00e4gigen Veranstaltungen ist zur Erbringung der Pr\u00fcfungsleistung die Teilnahme an beiden Tagen erforderlich. Die vorliegenden Angaben der Urteile erfolgt lediglich beispielhaft und nicht abschlie\u00dfend. Die TeilnehmerInnen sind dar\u00fcberhinaus zu einer selbstst\u00e4ndigen Auffindung einschl\u00e4giger Fundstellen angehalten.<\/p>\n<p>Bei R\u00fcckfragen wenden Sie sich bitte per E-Mail an:<\/p>\n<p>&nbsp;<\/p>\n<p><strong>Julia Dreyer<\/strong><\/p>\n<p>Wissenschaftliche Mitarbeiterin<\/p>\n<p>Institut f\u00fcr Informations-, Telekommunikations- und Medienrecht<\/p>\n<p>\u2013 Zivilrechtliche Abteilung, Prof. Dr. Thomas Hoeren \u2013<\/p>\n<p>Leonardo-Campus 9<\/p>\n<p>48149 M\u00fcnster<\/p>\n<p>E-Mail: <a href=\"mailto:julia.dreyer@uni-muenster.de\">julia.dreyer@uni-muenster.de<\/a><\/p>\n<p>&nbsp;<\/p>\n","protected":false},"excerpt":{"rendered":"<p>Prof. Dr. Thomas Hoeren wird im Sommersemester 2019 gemeinsam mit Herrn RA R\u00fcdiger Sch\u00e4fer ein Seminar veranstalten zu dem Thema: \u201eMedienprivatrecht\u201c Die Themenvergabe findet am Dienstag, den 18. Dezember 2018, um 9:00 Uhr s. t. im Arbeitsraum des ITM (3. OG) statt. Nur TeilnehmerInnen dieser Themenvergabe k\u00f6nnen als TeilnehmerInnen f\u00fcr das Seminar ber\u00fccksichtigt werden. Folgende [&#8230;]\n","protected":false},"author":17,"featured_media":23694,"comment_status":"closed","ping_status":"closed","sticky":false,"template":"","format":"standard","meta":{"_acf_changed":false,"footnotes":""},"categories":[1],"tags":[],"class_list":["post-27304","post","type-post","status-publish","format-standard","has-post-thumbnail","hentry","category-unkategorisiert"],"acf":[],"_links":{"self":[{"href":"https:\/\/www.itm.nrw\/en\/wp-json\/wp\/v2\/posts\/27304","targetHints":{"allow":["GET"]}}],"collection":[{"href":"https:\/\/www.itm.nrw\/en\/wp-json\/wp\/v2\/posts"}],"about":[{"href":"https:\/\/www.itm.nrw\/en\/wp-json\/wp\/v2\/types\/post"}],"author":[{"embeddable":true,"href":"https:\/\/www.itm.nrw\/en\/wp-json\/wp\/v2\/users\/17"}],"replies":[{"embeddable":true,"href":"https:\/\/www.itm.nrw\/en\/wp-json\/wp\/v2\/comments?post=27304"}],"version-history":[{"count":0,"href":"https:\/\/www.itm.nrw\/en\/wp-json\/wp\/v2\/posts\/27304\/revisions"}],"wp:featuredmedia":[{"embeddable":true,"href":"https:\/\/www.itm.nrw\/en\/wp-json\/wp\/v2\/media\/23694"}],"wp:attachment":[{"href":"https:\/\/www.itm.nrw\/en\/wp-json\/wp\/v2\/media?parent=27304"}],"wp:term":[{"taxonomy":"category","embeddable":true,"href":"https:\/\/www.itm.nrw\/en\/wp-json\/wp\/v2\/categories?post=27304"},{"taxonomy":"post_tag","embeddable":true,"href":"https:\/\/www.itm.nrw\/en\/wp-json\/wp\/v2\/tags?post=27304"}],"curies":[{"name":"wp","href":"https:\/\/api.w.org\/{rel}","templated":true}]}}