{"id":27303,"date":"2018-12-07T13:46:31","date_gmt":"2018-12-07T12:46:31","guid":{"rendered":"https:\/\/www.itm.nrw\/wissenschaftspreis-der-gesellschaft-fuer-datenschutz-und-datensicherheit-e-v-gdd-fuer-dr-tim-juelicher\/"},"modified":"2018-12-07T13:46:31","modified_gmt":"2018-12-07T12:46:31","slug":"wissenschaftspreis-der-gesellschaft-fuer-datenschutz-und-datensicherheit-e-v-gdd-fuer-dr-tim-juelicher","status":"publish","type":"post","link":"https:\/\/www.itm.nrw\/en\/wissenschaftspreis-der-gesellschaft-fuer-datenschutz-und-datensicherheit-e-v-gdd-fuer-dr-tim-juelicher\/","title":{"rendered":"Wissenschaftspreis der Gesellschaft f\u00fcr Datenschutz und Datensicherheit e.V. (GDD) f\u00fcr Dr. Tim J\u00fclicher"},"content":{"rendered":"<p>Herr Dr. Tim J\u00fclicher, ehemaliger wissenschaftlicher Mitarbeiter des ITM, hat f\u00fcr seine Dissertation \u201eMedizininformationsrecht\u201c den Wissenschaftspreis der Gesellschaft f\u00fcr Datenschutz und Datensicherheit e.V. (GDD) erhalten. Im Rahmen der 42. Datenschutzfachtagung (DAFTA) in K\u00f6ln wurden am 16. November 2018 durch den GDD-Vorstandsvorsitzenden Prof. Dr. Rolf Schwartmann und den Vorsitzenden des wissenschaftlichen Beirats Prof. Dr. Tobias O. Keber wissenschaftliche Arbeiten ausgezeichnet, die sich mit Datenschutz und Datensicherheit auf rechtlicher, gesellschaftlicher und technischer Ebene auseinandersetzen. In seiner Dissertation untersucht Dr. J\u00fclicher die theoretischen und strukturellen Grundlagen des Informationsrechts am Beispiel der Rechtsbeziehung zwischen Arzt und Patient.<\/p>\n<p>Der wissenschaftliche Beirat der GDD, dem unter anderem die Bundesbeauftragte f\u00fcr den Datenschutz und die Informationsfreiheit Andrea Vo\u00dfhoff sowie die fr\u00fchere Bundesjustizministerin Sabine Leutheusser-Schnarrenberger angeh\u00f6ren, lobte Herrn Dr. J\u00fclichers Arbeit insbesondere f\u00fcr die Verkn\u00fcpfung\u00a0 von rechtlichen, technischen und gesellschaftlichen Bereichen vor dem Hintergrund einer sensiblen Vertragsbeziehung.<\/p>\n<p>Herr Dr. J\u00fclicher studierte Rechts- und Politikwissenschaften an der Universit\u00e4t in M\u00fcnster und war bis Ende 2017 als wissenschaftlicher Mitarbeiter am ITM im Projekt ABIDA (<a href=\"http:\/\/www.abida.de\">www.abida.de<\/a>) t\u00e4tig.<\/p>\n<p>Seine Dissertation wurde von Prof. Dr. Hoeren betreut.<\/p>\n<p>Das ITM gratuliert Herrn Dr. J\u00fclicher herzlich zu seiner Auszeichnung und freut sich mit ihm \u00fcber die Wertsch\u00e4tzung seiner Arbeit.<\/p>\n<p>&nbsp;<\/p>\n<figure id=\"attachment_14689\" aria-describedby=\"caption-attachment-14689\" style=\"width: 420px\" class=\"wp-caption alignnone\"><img loading=\"lazy\" decoding=\"async\" class=\"wp-image-14689 size-large\" src=\"http:\/\/www.uni-muenster.de\/Jura.itm\/hoeren\/itm\/wp-content\/uploads\/Dr.-Tim-J\u00fclicher-420x280.jpg\" alt=\"\" width=\"420\" height=\"280\" \/><figcaption id=\"caption-attachment-14689\" class=\"wp-caption-text\">v.l. Prof. Dr. Tobias O. Keber, Dr. Tim J\u00fclicher, Prof. Dr. Rolf Schwartmann (Foto von GDD\/Felix Mayr)<\/figcaption><\/figure>\n<p>&nbsp;<\/p>\n","protected":false},"excerpt":{"rendered":"<p>Herr Dr. Tim J\u00fclicher, ehemaliger wissenschaftlicher Mitarbeiter des ITM, hat f\u00fcr seine Dissertation \u201eMedizininformationsrecht\u201c den Wissenschaftspreis der Gesellschaft f\u00fcr Datenschutz und Datensicherheit e.V. (GDD) erhalten. Im Rahmen der 42. Datenschutzfachtagung (DAFTA) in K\u00f6ln wurden am 16. November 2018 durch den GDD-Vorstandsvorsitzenden Prof. Dr. Rolf Schwartmann und den Vorsitzenden des wissenschaftlichen Beirats Prof. Dr. Tobias O. [&#8230;]\n","protected":false},"author":32,"featured_media":23694,"comment_status":"closed","ping_status":"closed","sticky":false,"template":"","format":"standard","meta":{"_acf_changed":false,"footnotes":""},"categories":[1],"tags":[],"class_list":["post-27303","post","type-post","status-publish","format-standard","has-post-thumbnail","hentry","category-unkategorisiert"],"acf":[],"_links":{"self":[{"href":"https:\/\/www.itm.nrw\/en\/wp-json\/wp\/v2\/posts\/27303","targetHints":{"allow":["GET"]}}],"collection":[{"href":"https:\/\/www.itm.nrw\/en\/wp-json\/wp\/v2\/posts"}],"about":[{"href":"https:\/\/www.itm.nrw\/en\/wp-json\/wp\/v2\/types\/post"}],"author":[{"embeddable":true,"href":"https:\/\/www.itm.nrw\/en\/wp-json\/wp\/v2\/users\/32"}],"replies":[{"embeddable":true,"href":"https:\/\/www.itm.nrw\/en\/wp-json\/wp\/v2\/comments?post=27303"}],"version-history":[{"count":0,"href":"https:\/\/www.itm.nrw\/en\/wp-json\/wp\/v2\/posts\/27303\/revisions"}],"wp:featuredmedia":[{"embeddable":true,"href":"https:\/\/www.itm.nrw\/en\/wp-json\/wp\/v2\/media\/23694"}],"wp:attachment":[{"href":"https:\/\/www.itm.nrw\/en\/wp-json\/wp\/v2\/media?parent=27303"}],"wp:term":[{"taxonomy":"category","embeddable":true,"href":"https:\/\/www.itm.nrw\/en\/wp-json\/wp\/v2\/categories?post=27303"},{"taxonomy":"post_tag","embeddable":true,"href":"https:\/\/www.itm.nrw\/en\/wp-json\/wp\/v2\/tags?post=27303"}],"curies":[{"name":"wp","href":"https:\/\/api.w.org\/{rel}","templated":true}]}}