{"id":27302,"date":"2018-12-11T15:32:02","date_gmt":"2018-12-11T14:32:02","guid":{"rendered":"https:\/\/www.itm.nrw\/seminar-informationsrecht\/"},"modified":"2018-12-11T15:32:02","modified_gmt":"2018-12-11T14:32:02","slug":"seminar-informationsrecht","status":"publish","type":"post","link":"https:\/\/www.itm.nrw\/en\/seminar-informationsrecht\/","title":{"rendered":"Seminar &#8220;Informationsrecht&#8221;"},"content":{"rendered":"<p style=\"text-align: center\">Prof. Dr. Nikolas Guggenberger, LL.M. (Stanford) wird im <strong>Sommersemester 2019<\/strong> ein Seminar im<\/p>\n<p style=\"text-align: center\"><strong>Informationsrecht<br \/>\n<\/strong><\/p>\n<p>veranstalten. Die Vorbesprechung und Themenvergabe f\u00fcr das Seminars findet <strong>am 09. Januar 2019 um 17 Uhr im Arbeitsraum des ITM (3. OG, links) <\/strong>statt. Nur Teilnehmer dieser Vorbesprechung k\u00f6nnen als Teilnehmer f\u00fcr das Seminar ber\u00fccksichtigt werden.<\/p>\n<p>Folgende Themen stehen zur Auswahl:<\/p>\n<ol>\n<li>Das NetzDG \u2013 neue Rechtsbehelfe<\/li>\n<li>Das NetzDG und deutsches Verfassungsrecht<\/li>\n<li>Die Kompetenz des Bundes zur Regulierung sozialer Medien<\/li>\n<li>Hasskommentare und Fake News \u2013 alternative Regulierungskonzepte<!--more--><\/li>\n<li>Missbrauchskontrolle und soziale Medien<\/li>\n<li>Pers\u00f6nlichkeitsrechte bei Bewertungsplattformen<\/li>\n<li>Wettbewerbsrecht und nicht-monet\u00e4re Kompensation bei virtuellen Plattformen<\/li>\n<li>\u201eDatensteuern\u201c unter Ber\u00fccksichtigung des Vorschlags der Europ\u00e4ischen Kommission (COM(2018) 147 final)<\/li>\n<li>KI und Immaterialg\u00fcterrecht \u2013 K\u00f6nnen\/sollen kreative Leistungen von Maschinen gesch\u00fctzt werden?<\/li>\n<li>Die Rechtspers\u00f6nlichkeit von KI \u2013 Sind neue Rechtsinstitute wie die E-Person die L\u00f6sung?<\/li>\n<li>KI und Haftung \u2013 Braucht das Recht neue Konzepte?<\/li>\n<li>KI und Privacy by design\/default \u2013 Ein unaufl\u00f6slicher Gegensatz?<\/li>\n<li>KI und das Verbot der automatisierten Einzelentscheidung \u2013 ein Spannungsfeld<\/li>\n<li>KI und Zurechnung\/Vertretenm\u00fcssen<\/li>\n<li>Algorithmen und Diskriminierung<\/li>\n<li>Die Einsatzm\u00f6glichkeiten von Legal Tech bei der juristischen Entscheidungsfindung<\/li>\n<\/ol>\n<p>Neben der Teilnahme an der Vorbesprechung ist eine fristgem\u00e4\u00dfe und verbindliche Anmeldung in WiLMa II erforderlich. Das Seminar wird im Sommersemester als ein- oder zweit\u00e4gige Blockveranstaltung stattfinden. Bei Veranstaltungen ist zur Erbringung der Pr\u00fcfungsleistung die Teilnahme an beiden Tagen erforderlich.<\/p>\n<p>Bei R\u00fcckfragen wenden Sie sich bitte an:<\/p>\n<p><strong>Lukas Willecke<\/strong><\/p>\n<p>Wissenschaftlicher Mitarbeiter<\/p>\n<p>&nbsp;<\/p>\n<p>Institut f\u00fcr Informations-, Telekommunikations- und Medienrecht<\/p>\n<p>\u2013 Zivilrechtliche Abteilung \u2013<\/p>\n<p>Prof. Dr. Nikolas Guggenberger, LL.M. (Stanford)<\/p>\n<p>Leonardo-Campus 9<\/p>\n<p>48149 M\u00fcnster<\/p>\n<p>&nbsp;<\/p>\n<p>Telefon: +49 251 83-38627<\/p>\n<p>Telefax: +49 251 83-38601<\/p>\n<p>E-Mail: <a href=\"mailto:lukas.willecke@uni-muenster.de\">lukas.willecke@uni-muenster.de<\/a><\/p>\n","protected":false},"excerpt":{"rendered":"<p>Prof. Dr. Nikolas Guggenberger, LL.M. (Stanford) wird im Sommersemester 2019 ein Seminar im Informationsrecht veranstalten. Die Vorbesprechung und Themenvergabe f\u00fcr das Seminars findet am 09. Januar 2019 um 17 Uhr im Arbeitsraum des ITM (3. OG, links) statt. Nur Teilnehmer dieser Vorbesprechung k\u00f6nnen als Teilnehmer f\u00fcr das Seminar ber\u00fccksichtigt werden. Folgende Themen stehen zur Auswahl: [&#8230;]\n","protected":false},"author":24,"featured_media":23694,"comment_status":"closed","ping_status":"closed","sticky":false,"template":"","format":"standard","meta":{"_acf_changed":false,"footnotes":""},"categories":[1],"tags":[],"class_list":["post-27302","post","type-post","status-publish","format-standard","has-post-thumbnail","hentry","category-unkategorisiert"],"acf":[],"_links":{"self":[{"href":"https:\/\/www.itm.nrw\/en\/wp-json\/wp\/v2\/posts\/27302","targetHints":{"allow":["GET"]}}],"collection":[{"href":"https:\/\/www.itm.nrw\/en\/wp-json\/wp\/v2\/posts"}],"about":[{"href":"https:\/\/www.itm.nrw\/en\/wp-json\/wp\/v2\/types\/post"}],"author":[{"embeddable":true,"href":"https:\/\/www.itm.nrw\/en\/wp-json\/wp\/v2\/users\/24"}],"replies":[{"embeddable":true,"href":"https:\/\/www.itm.nrw\/en\/wp-json\/wp\/v2\/comments?post=27302"}],"version-history":[{"count":0,"href":"https:\/\/www.itm.nrw\/en\/wp-json\/wp\/v2\/posts\/27302\/revisions"}],"wp:featuredmedia":[{"embeddable":true,"href":"https:\/\/www.itm.nrw\/en\/wp-json\/wp\/v2\/media\/23694"}],"wp:attachment":[{"href":"https:\/\/www.itm.nrw\/en\/wp-json\/wp\/v2\/media?parent=27302"}],"wp:term":[{"taxonomy":"category","embeddable":true,"href":"https:\/\/www.itm.nrw\/en\/wp-json\/wp\/v2\/categories?post=27302"},{"taxonomy":"post_tag","embeddable":true,"href":"https:\/\/www.itm.nrw\/en\/wp-json\/wp\/v2\/tags?post=27302"}],"curies":[{"name":"wp","href":"https:\/\/api.w.org\/{rel}","templated":true}]}}