{"id":27301,"date":"2018-12-12T13:30:51","date_gmt":"2018-12-12T12:30:51","guid":{"rendered":"https:\/\/www.itm.nrw\/vorbesprechung-zum-seminar-gewerblicher-rechtsschutz-am-17-01-2019-um-1930-uhr\/"},"modified":"2018-12-12T13:30:51","modified_gmt":"2018-12-12T12:30:51","slug":"vorbesprechung-zum-seminar-gewerblicher-rechtsschutz-am-17-01-2019-um-1930-uhr","status":"publish","type":"post","link":"https:\/\/www.itm.nrw\/en\/vorbesprechung-zum-seminar-gewerblicher-rechtsschutz-am-17-01-2019-um-1930-uhr\/","title":{"rendered":"Vorbesprechung zum Seminar \u201eGewerblicher Rechtsschutz\u201c am 17.01.2019 um 19:30 Uhr"},"content":{"rendered":"<p style=\"text-align: center\">Prof. Dr. Thomas Hoeren wird im<\/p>\n<p style=\"text-align: center\"><strong>Sommersemester 2019<\/strong><\/p>\n<p style=\"text-align: center\">gemeinsam mit Herrn RA Prof. Dr. Jochen B\u00fchling ein Seminar veranstalten zum Thema:<\/p>\n<p>&nbsp;<\/p>\n<p style=\"text-align: center\"><strong>\u201eGewerblicher Rechtsschutz\u201c<\/strong><\/p>\n<p>&nbsp;<\/p>\n<p>Die <u>Vorbesprechung<\/u> und Themenvergabe f\u00fcr das Seminar findet <strong>am 17.01.2019 um ca. 19:30 Uhr s.t. im H\u00f6rsaal F4 (im Anschluss an die letzte Vorlesung \u201eGewerblicher Rechtsschutz\u201c)<\/strong> statt. Nur Teilnehmer der Vorbesprechung k\u00f6nnen als Teilnehmer f\u00fcr das Seminar ber\u00fccksichtigt werden. Die Teilnahme am Seminar dient <strong>ausschlie\u00dflich<\/strong> dem Erwerb der Zusatzausbildung \u201eGewerblicher Rechtsschutz\u201c. <u>Eine Anrechnung f\u00fcr den Schwerpunkt ist ausgeschlossen.<\/u><\/p>\n<p>&nbsp;<\/p>\n<p>Das Seminar wird voraussichtlich im Juni 2019 als ein- oder zweit\u00e4gige Blockveranstaltung stattfinden. Bei zweit\u00e4gigen Veranstaltungen ist zur Erbringung der Pr\u00fcfungsleistung die Teilnahme an beiden Tagen erforderlich.<\/p>\n<p><!--more--><\/p>\n<p>Weitere <u>Informationen zur Zusatzausbildung<\/u> unter:<\/p>\n<p><a href=\"https:\/\/www.uni-muenster.de\/Jura.itm\/hoeren\/lehre\/zusatzausbildungen\/gewerblicher-rechtsschutz\">https:\/\/www.uni-muenster.de\/Jura.itm\/hoeren\/lehre\/zusatzausbildungen\/gewerblicher-rechtsschutz<\/a><\/p>\n<p>&nbsp;<\/p>\n<p>F\u00fcr <u>R\u00fcckfragen<\/u> wenden Sie sich bitte per E-Mail an:<\/p>\n<p><strong>Oliver Lampe<\/strong><\/p>\n<p>Wissenschaftlicher Mitarbeiter<\/p>\n<p>Forschungsstelle f\u00fcr Gewerblichen Rechtsschutz<\/p>\n<p>Institut f\u00fcr Informations-, Telekommunikations- und Medienrecht<\/p>\n<p>&#8211; Zivilrechtliche Abteilung &#8211;<\/p>\n<p>Leonardo-Campus 9, Raum 110.112<\/p>\n<p>48149 M\u00fcnster<\/p>\n<p>Tel.: 0251\/83-38605<\/p>\n<p>Fax: 0251\/83-38601<\/p>\n<p>E-Mail: o_lamp01@uni-muenster.de<\/p>\n","protected":false},"excerpt":{"rendered":"<p>Prof. Dr. Thomas Hoeren wird im Sommersemester 2019 gemeinsam mit Herrn RA Prof. Dr. Jochen B\u00fchling ein Seminar veranstalten zum Thema: &nbsp; \u201eGewerblicher Rechtsschutz\u201c &nbsp; Die Vorbesprechung und Themenvergabe f\u00fcr das Seminar findet am 17.01.2019 um ca. 19:30 Uhr s.t. im H\u00f6rsaal F4 (im Anschluss an die letzte Vorlesung \u201eGewerblicher Rechtsschutz\u201c) statt. Nur Teilnehmer der [&#8230;]\n","protected":false},"author":33,"featured_media":23694,"comment_status":"closed","ping_status":"closed","sticky":false,"template":"","format":"standard","meta":{"_acf_changed":false,"footnotes":""},"categories":[1],"tags":[],"class_list":["post-27301","post","type-post","status-publish","format-standard","has-post-thumbnail","hentry","category-unkategorisiert"],"acf":[],"_links":{"self":[{"href":"https:\/\/www.itm.nrw\/en\/wp-json\/wp\/v2\/posts\/27301","targetHints":{"allow":["GET"]}}],"collection":[{"href":"https:\/\/www.itm.nrw\/en\/wp-json\/wp\/v2\/posts"}],"about":[{"href":"https:\/\/www.itm.nrw\/en\/wp-json\/wp\/v2\/types\/post"}],"author":[{"embeddable":true,"href":"https:\/\/www.itm.nrw\/en\/wp-json\/wp\/v2\/users\/33"}],"replies":[{"embeddable":true,"href":"https:\/\/www.itm.nrw\/en\/wp-json\/wp\/v2\/comments?post=27301"}],"version-history":[{"count":0,"href":"https:\/\/www.itm.nrw\/en\/wp-json\/wp\/v2\/posts\/27301\/revisions"}],"wp:featuredmedia":[{"embeddable":true,"href":"https:\/\/www.itm.nrw\/en\/wp-json\/wp\/v2\/media\/23694"}],"wp:attachment":[{"href":"https:\/\/www.itm.nrw\/en\/wp-json\/wp\/v2\/media?parent=27301"}],"wp:term":[{"taxonomy":"category","embeddable":true,"href":"https:\/\/www.itm.nrw\/en\/wp-json\/wp\/v2\/categories?post=27301"},{"taxonomy":"post_tag","embeddable":true,"href":"https:\/\/www.itm.nrw\/en\/wp-json\/wp\/v2\/tags?post=27301"}],"curies":[{"name":"wp","href":"https:\/\/api.w.org\/{rel}","templated":true}]}}