{"id":27279,"date":"2019-07-10T14:11:17","date_gmt":"2019-07-10T12:11:17","guid":{"rendered":"https:\/\/www.itm.nrw\/vortrag-von-foerderpreistraeger-dr-graetsch-zum-patent-und-arzneimittelrecht-am-23-7-19\/"},"modified":"2019-07-10T14:11:17","modified_gmt":"2019-07-10T12:11:17","slug":"vortrag-von-foerderpreistraeger-dr-graetsch-zum-patent-und-arzneimittelrecht-am-23-7-19","status":"publish","type":"post","link":"https:\/\/www.itm.nrw\/en\/vortrag-von-foerderpreistraeger-dr-graetsch-zum-patent-und-arzneimittelrecht-am-23-7-19\/","title":{"rendered":"Vortrag von F\u00f6rderpreistr\u00e4ger Dr. Graetsch zum Patent- und Arzneimittelrecht am 23.7.19"},"content":{"rendered":"<p style=\"text-align: justify\">Der Verein zur F\u00f6rderung der Forschungsstelle f\u00fcr Gewerblichen Rechtsschutz M\u00fcnster e.V. und die Forschungsstelle f\u00fcr Gewerblichen Rechtsschutz am ITM laden herzlich zu nachfolgendem Vortrag aus dem Bereich des Patentrechts ein:<\/p>\n<p style=\"text-align: center\"><strong>Das erg\u00e4nzende Schutzzertifikat \u2013 Anreizinstrument f\u00fcr die Entwicklung neuer Arzneimittel?<\/strong><\/p>\n<p style=\"text-align: center\"><strong>\u00a0<\/strong>Dienstag, 23. Juli 2019 um 18:00 Uhr s.t.<\/p>\n<p style=\"text-align: center\"><strong>Herr Dr. Daniel Graetsch<\/strong><\/p>\n<p style=\"text-align: center\">Rechtsanwalt bei Krieger Mes &amp; Graf v. der Groeben in D\u00fcsseldorf<\/p>\n<p style=\"text-align: center\"><strong>Ort:<\/strong><\/p>\n<p style=\"text-align: center\"><strong>\u00a0<\/strong>ITM M\u00fcnster, Leonardo Campus 9, 48149 M\u00fcnster<\/p>\n<p style=\"text-align: center\">Seminarraum, 3. OG<\/p>\n<p style=\"text-align: justify\"><!--more-->Herr Dr. Daniel Graetsch ist Rechtsanwalt bei der renommierten Soziet\u00e4t Krieger Mes &amp; Graf v. der Groeben in D\u00fcsseldorf. Dort ber\u00e4t und vertritt er in- und ausl\u00e4ndische Mandanten in s\u00e4mtlichen Fragen rund um den Gewerblichen Rechtsschutz. Den Schwerpunkt seiner T\u00e4tigkeit bilden nationale und grenz\u00fcberschreitende Patentverletzungsverfahren. Nach seinem Studium der Rechtswissenschaften an der Albert-Ludwigs-Universit\u00e4t in Freiburg und der Universit\u00e4t Aberdeen in Schottland widmete sich Herr Dr. Graetsch im Rahmen seiner Referendarausbildung bei einer internationalen Gro\u00dfkanzlei gezielt dem Bereich des Gewerblichen Rechtsschutzes. Seine Doktorarbeit trug den Titel \u201e\u00d6konomische Analyse des erg\u00e4nzenden Schutzzertifikats f\u00fcr Arzneimittel unter besonderer Ber\u00fccksichtigung des Schutzes von Wirkstoffkombinationen\u201c, f\u00fcr welche er von Herrn Prof. Hoeren mit dem F\u00f6rderpreis des F\u00f6rdervereins f\u00fcr herausragende Promotionen aus dem Bereich des Gewerblichen Rechtsschutzes ausgezeichnet wurde.<\/p>\n<p style=\"text-align: justify\">Herr Dr. Graetsch wird in seinem Vortrag einen Einblick in das erg\u00e4nzende Schutzzertifikat f\u00fcr Arzneimittel geben. Dieses Schutzrecht eigener Art ist an der Schnittstelle zwischen Patent- und Arzneimittelzulassungsrecht angesiedelt und verl\u00e4ngert die Laufzeit von Pharmapatenten um bis zu f\u00fcnf Jahre. Die Rechtfertigung f\u00fcr diese besondere Form der Marktexklusivit\u00e4t f\u00fcr Arzneimittel liegt darin, dass hierdurch Anreize f\u00fcr die kostenintensive Erforschung neuer Wirkstoffe geschaffen werden sollen. Ob das erg\u00e4nzende Schutzzertifikat von seiner Konzeption und Ausgestaltung diesen Anspr\u00fcchen gerecht werden kann, wird Herr Dr. Graetsch in seinem Vortrag kritisch beleuchten.<\/p>\n<p style=\"text-align: justify\">Wir freuen uns auf einen spannenden Vortrag mit angeregten Diskussionen und Eindr\u00fccken aus den Forschungsergebnissen unseres F\u00f6rderpreistr\u00e4gers. Bei Interesse senden Sie uns bitte eine Zusage per E-Mail an <strong>m.boeckers@uni-muenster.de<\/strong>, um uns die Planung zu erleichtern.<\/p>\n","protected":false},"excerpt":{"rendered":"<p>Der Verein zur F\u00f6rderung der Forschungsstelle f\u00fcr Gewerblichen Rechtsschutz M\u00fcnster e.V. und die Forschungsstelle f\u00fcr Gewerblichen Rechtsschutz am ITM laden herzlich zu nachfolgendem Vortrag aus dem Bereich des Patentrechts ein: Das erg\u00e4nzende Schutzzertifikat \u2013 Anreizinstrument f\u00fcr die Entwicklung neuer Arzneimittel? \u00a0Dienstag, 23. Juli 2019 um 18:00 Uhr s.t. Herr Dr. Daniel Graetsch Rechtsanwalt bei Krieger [&#8230;]\n","protected":false},"author":33,"featured_media":23694,"comment_status":"closed","ping_status":"closed","sticky":false,"template":"","format":"standard","meta":{"_acf_changed":false,"footnotes":""},"categories":[1],"tags":[],"class_list":["post-27279","post","type-post","status-publish","format-standard","has-post-thumbnail","hentry","category-unkategorisiert"],"acf":[],"_links":{"self":[{"href":"https:\/\/www.itm.nrw\/en\/wp-json\/wp\/v2\/posts\/27279","targetHints":{"allow":["GET"]}}],"collection":[{"href":"https:\/\/www.itm.nrw\/en\/wp-json\/wp\/v2\/posts"}],"about":[{"href":"https:\/\/www.itm.nrw\/en\/wp-json\/wp\/v2\/types\/post"}],"author":[{"embeddable":true,"href":"https:\/\/www.itm.nrw\/en\/wp-json\/wp\/v2\/users\/33"}],"replies":[{"embeddable":true,"href":"https:\/\/www.itm.nrw\/en\/wp-json\/wp\/v2\/comments?post=27279"}],"version-history":[{"count":0,"href":"https:\/\/www.itm.nrw\/en\/wp-json\/wp\/v2\/posts\/27279\/revisions"}],"wp:featuredmedia":[{"embeddable":true,"href":"https:\/\/www.itm.nrw\/en\/wp-json\/wp\/v2\/media\/23694"}],"wp:attachment":[{"href":"https:\/\/www.itm.nrw\/en\/wp-json\/wp\/v2\/media?parent=27279"}],"wp:term":[{"taxonomy":"category","embeddable":true,"href":"https:\/\/www.itm.nrw\/en\/wp-json\/wp\/v2\/categories?post=27279"},{"taxonomy":"post_tag","embeddable":true,"href":"https:\/\/www.itm.nrw\/en\/wp-json\/wp\/v2\/tags?post=27279"}],"curies":[{"name":"wp","href":"https:\/\/api.w.org\/{rel}","templated":true}]}}