{"id":27259,"date":"2019-12-04T15:03:42","date_gmt":"2019-12-04T14:03:42","guid":{"rendered":"https:\/\/www.itm.nrw\/vorbesprechung-seminar-gewerblicher-rechtsschutz-zusatzausbildung\/"},"modified":"2019-12-04T15:03:42","modified_gmt":"2019-12-04T14:03:42","slug":"vorbesprechung-seminar-gewerblicher-rechtsschutz-zusatzausbildung","status":"publish","type":"post","link":"https:\/\/www.itm.nrw\/en\/vorbesprechung-seminar-gewerblicher-rechtsschutz-zusatzausbildung\/","title":{"rendered":"Vorbesprechung Seminar &#8220;Gewerblicher Rechtsschutz&#8221; (Zusatzausbildung)"},"content":{"rendered":"<p style=\"text-align: center\">Prof. Dr. Thomas Hoeren wird im<\/p>\n<p style=\"text-align: center\"><strong>Sommersemester 2020<\/strong><\/p>\n<p style=\"text-align: center\">gemeinsam mit Herrn RA Prof. Dr. Jochen B\u00fchling ein Seminar veranstalten zum Thema:<\/p>\n<p style=\"text-align: center\"><strong>\u201eGewerblicher Rechtsschutz\u201c<\/strong><\/p>\n<p>&nbsp;<\/p>\n<p style=\"text-align: justify\">Die <strong>Vorbesprechung<\/strong> bzw. Themenvergabe f\u00fcr das Seminar findet <strong>am 16.01.2020 um ca. 19:30 Uhr s.t. im H\u00f6rsaal S9 <\/strong>(im Anschluss an die letzte Vorlesung \u201eGewerblicher Rechtsschutz\u201c) statt. Nur Teilnehmer der Vorbesprechung k\u00f6nnen als Teilnehmer f\u00fcr das Seminar ber\u00fccksichtigt werden. Die Teilnahme am Seminar dient ausschlie\u00dflich dem Erwerb der Zusatzausbildung \u201eGewerblicher Rechtsschutz\u201c. <strong>Eine Anrechnung f\u00fcr den Schwerpunkt ist <u>ausgeschlossen<\/u>.<\/strong><\/p>\n<p style=\"text-align: justify\"><!--more--><\/p>\n<p style=\"text-align: justify\">Das Seminar wird voraussichtlich im Juni 2020 als ein- oder zweit\u00e4gige Blockveranstaltung stattfinden. Bei zweit\u00e4gigen Veranstaltungen ist zur Erbringung der Pr\u00fcfungsleistung die Teilnahme an beiden Tagen erforderlich.<\/p>\n<p style=\"text-align: justify\">Weitere <strong>Informationen zur Zusatzausbildung<\/strong> finden Sie <a href=\"https:\/\/www.itm.nrw\/en\/industrial-property-rights-2\/\" target=\"_blank\" rel=\"noopener noreferrer\">hier.<\/a><\/p>\n<p style=\"text-align: justify\">F\u00fcr <strong>R\u00fcckfragen<\/strong> wenden Sie sich bitte per E-Mail an:<\/p>\n<p><strong>\u00a0<\/strong><\/p>\n<p><strong>Oliver Lampe<\/strong><\/p>\n<p>Wissenschaftlicher Mitarbeiter<\/p>\n<p>Gesch\u00e4ftsf\u00fchrer Forschungsstelle f\u00fcr Gewerblichen Rechtsschutz<\/p>\n<p>Tel.: 0251\/83-38605<\/p>\n<p>E-Mail: o_lamp01@uni-muenster.de<\/p>\n","protected":false},"excerpt":{"rendered":"<p>Prof. Dr. Thomas Hoeren wird im Sommersemester 2020 gemeinsam mit Herrn RA Prof. Dr. Jochen B\u00fchling ein Seminar veranstalten zum Thema: \u201eGewerblicher Rechtsschutz\u201c &nbsp; Die Vorbesprechung bzw. Themenvergabe f\u00fcr das Seminar findet am 16.01.2020 um ca. 19:30 Uhr s.t. im H\u00f6rsaal S9 (im Anschluss an die letzte Vorlesung \u201eGewerblicher Rechtsschutz\u201c) statt. Nur Teilnehmer der Vorbesprechung [&#8230;]\n","protected":false},"author":33,"featured_media":23694,"comment_status":"closed","ping_status":"closed","sticky":false,"template":"","format":"standard","meta":{"_acf_changed":false,"footnotes":""},"categories":[1],"tags":[],"class_list":["post-27259","post","type-post","status-publish","format-standard","has-post-thumbnail","hentry","category-unkategorisiert"],"acf":[],"_links":{"self":[{"href":"https:\/\/www.itm.nrw\/en\/wp-json\/wp\/v2\/posts\/27259","targetHints":{"allow":["GET"]}}],"collection":[{"href":"https:\/\/www.itm.nrw\/en\/wp-json\/wp\/v2\/posts"}],"about":[{"href":"https:\/\/www.itm.nrw\/en\/wp-json\/wp\/v2\/types\/post"}],"author":[{"embeddable":true,"href":"https:\/\/www.itm.nrw\/en\/wp-json\/wp\/v2\/users\/33"}],"replies":[{"embeddable":true,"href":"https:\/\/www.itm.nrw\/en\/wp-json\/wp\/v2\/comments?post=27259"}],"version-history":[{"count":0,"href":"https:\/\/www.itm.nrw\/en\/wp-json\/wp\/v2\/posts\/27259\/revisions"}],"wp:featuredmedia":[{"embeddable":true,"href":"https:\/\/www.itm.nrw\/en\/wp-json\/wp\/v2\/media\/23694"}],"wp:attachment":[{"href":"https:\/\/www.itm.nrw\/en\/wp-json\/wp\/v2\/media?parent=27259"}],"wp:term":[{"taxonomy":"category","embeddable":true,"href":"https:\/\/www.itm.nrw\/en\/wp-json\/wp\/v2\/categories?post=27259"},{"taxonomy":"post_tag","embeddable":true,"href":"https:\/\/www.itm.nrw\/en\/wp-json\/wp\/v2\/tags?post=27259"}],"curies":[{"name":"wp","href":"https:\/\/api.w.org\/{rel}","templated":true}]}}