{"id":27247,"date":"2020-03-27T11:45:33","date_gmt":"2020-03-27T10:45:33","guid":{"rendered":"https:\/\/www.itm.nrw\/seminar-medienprivatrecht-hinweise-zu-den-seminararbeiten\/"},"modified":"2020-03-27T11:45:33","modified_gmt":"2020-03-27T10:45:33","slug":"seminar-medienprivatrecht-hinweise-zu-den-seminararbeiten","status":"publish","type":"post","link":"https:\/\/www.itm.nrw\/en\/seminar-medienprivatrecht-hinweise-zu-den-seminararbeiten\/","title":{"rendered":"Seminar Medienprivatrecht: Hinweise zu den Seminararbeiten"},"content":{"rendered":"<p style=\"text-align: justify\">Ab 01.04.2020 wird der Nachfolger von Herrn B\u00f6ckers, Herr Oliver Lampe, planm\u00e4\u00dfig die Koordination des Seminars \u00fcbernehmen. Seine Kontaktdaten werden voraussichtlich in der kommenden Woche auf itm.nrw bereitgestellt. Er steht dann auch f\u00fcr die Gliederungsgespr\u00e4che zur Verf\u00fcgung und wird sich um die virtuelle Literaturversorgung via Lernweb bem\u00fchen. Da alle Teilnehmer Zugriff auf Beck-Online und juris haben und zeitnah voraussichtlich auch auf die virtuelle Literaturversorgung wird trotz Covid-19 keine Fristverl\u00e4ngerung gew\u00e4hrt. Bei der Bewertung der Seminararbeiten wird jedoch ber\u00fccksichtigt werden, dass die Literaturauswertung nur wie genannt erfolgen konnte.<\/p>\n","protected":false},"excerpt":{"rendered":"<p>Ab 01.04.2020 wird der Nachfolger von Herrn B\u00f6ckers, Herr Oliver Lampe, planm\u00e4\u00dfig die Koordination des Seminars \u00fcbernehmen. Seine Kontaktdaten werden voraussichtlich in der kommenden Woche auf itm.nrw bereitgestellt. Er steht dann auch f\u00fcr die Gliederungsgespr\u00e4che zur Verf\u00fcgung und wird sich um die virtuelle Literaturversorgung via Lernweb bem\u00fchen. Da alle Teilnehmer Zugriff auf Beck-Online und juris [&#8230;]\n","protected":false},"author":29,"featured_media":23694,"comment_status":"closed","ping_status":"closed","sticky":false,"template":"","format":"standard","meta":{"_acf_changed":false,"footnotes":""},"categories":[1],"tags":[],"class_list":["post-27247","post","type-post","status-publish","format-standard","has-post-thumbnail","hentry","category-unkategorisiert"],"acf":[],"_links":{"self":[{"href":"https:\/\/www.itm.nrw\/en\/wp-json\/wp\/v2\/posts\/27247","targetHints":{"allow":["GET"]}}],"collection":[{"href":"https:\/\/www.itm.nrw\/en\/wp-json\/wp\/v2\/posts"}],"about":[{"href":"https:\/\/www.itm.nrw\/en\/wp-json\/wp\/v2\/types\/post"}],"author":[{"embeddable":true,"href":"https:\/\/www.itm.nrw\/en\/wp-json\/wp\/v2\/users\/29"}],"replies":[{"embeddable":true,"href":"https:\/\/www.itm.nrw\/en\/wp-json\/wp\/v2\/comments?post=27247"}],"version-history":[{"count":0,"href":"https:\/\/www.itm.nrw\/en\/wp-json\/wp\/v2\/posts\/27247\/revisions"}],"wp:featuredmedia":[{"embeddable":true,"href":"https:\/\/www.itm.nrw\/en\/wp-json\/wp\/v2\/media\/23694"}],"wp:attachment":[{"href":"https:\/\/www.itm.nrw\/en\/wp-json\/wp\/v2\/media?parent=27247"}],"wp:term":[{"taxonomy":"category","embeddable":true,"href":"https:\/\/www.itm.nrw\/en\/wp-json\/wp\/v2\/categories?post=27247"},{"taxonomy":"post_tag","embeddable":true,"href":"https:\/\/www.itm.nrw\/en\/wp-json\/wp\/v2\/tags?post=27247"}],"curies":[{"name":"wp","href":"https:\/\/api.w.org\/{rel}","templated":true}]}}