{"id":27244,"date":"2020-05-18T13:57:51","date_gmt":"2020-05-18T11:57:51","guid":{"rendered":"https:\/\/www.itm.nrw\/webinar-bekaempfung-von-corona-eine-frage-von-geld-und-patenten\/"},"modified":"2020-05-18T13:57:51","modified_gmt":"2020-05-18T11:57:51","slug":"webinar-bekaempfung-von-corona-eine-frage-von-geld-und-patenten","status":"publish","type":"post","link":"https:\/\/www.itm.nrw\/en\/webinar-bekaempfung-von-corona-eine-frage-von-geld-und-patenten\/","title":{"rendered":"Webinar \u201eBek\u00e4mpfung von Corona \u2013 eine Frage von Geld und Patenten?\u201c"},"content":{"rendered":"<p>Am <strong>23.06.2020 um 12 Uhr<\/strong> wird erneut ein \u201eLunch-Gespr\u00e4ch\u201c als Webinar \u00fcber Zoom vom Institut f\u00fcr Informations-, Telekommunikations- und Medienrecht (ITM) \u2013 zivilrechtliche Abteilung, Prof. Dr. Thomas Hoeren \u2013 organisiert. Alle Interessierten k\u00f6nnen an dem ca. einst\u00fcndigen Seminar kostenfrei teilnehmen.<\/p>\n<p>Zu Gast wird Herr <strong>Niklas Schenck<\/strong> \u2013 ein mehrfach ausgezeichneter Journalist und Dokumentarfilmer \u2013 sein. Seine Arbeiten waren u.a. f\u00fcr einen Grimme-Preis und einen EMMY nominiert. Er hat jahrelang f\u00fcr ARD Panorama, DIE ZEIT und den Stern u.a. zu Betrug mit Krebsmedikamenten recherchiert. Im Zuge dessen hat er sich damit auseinandergesetzt, wie sich die mittlerweile hohen Preise f\u00fcr Krebsmedikamente reduzieren lassen. Dabei stie\u00df er auf Akteure, die sich f\u00fcr eine Entkopplung des Anreizes f\u00fcr medizinische Innovation vom Verkaufspreis einsetzen (&#8216;Delinkage&#8217;) und verfolgt seither, wie sie Schritt f\u00fcr Schritt eine entsprechende Reform der weltweiten Forschungsfinanzierung vorantreiben.<br \/>\nDaher freuen wir uns, \u00fcber die Auswirkungen von Patenten auf den medizinischen Fortschritt gerade in Zeiten der Corona-Pandemie mit Herrn Schenck diskutieren zu k\u00f6nnen.<\/p>\n<p>F\u00fcr die Teilnahme schicken Sie bitte bis zum 15.06.2020 eine E-Mail an Oliver Lampe (<a href=\"mailto:o_lamp01@uni-muenster.de\"><em>o_lamp01@uni-muenster.de<\/em><\/a>). Sie erhalten nach Ablauf der Anmeldefrist die Einwahldaten f\u00fcr das Webinar. Gerne k\u00f6nnen Sie auf diesem Wege vorab Fragen stellen, die \u2013 soweit m\u00f6glich \u2013 mit Herrn Schenck besprochen werden.<\/p>\n","protected":false},"excerpt":{"rendered":"<p>Am 23.06.2020 um 12 Uhr wird erneut ein \u201eLunch-Gespr\u00e4ch\u201c als Webinar \u00fcber Zoom vom Institut f\u00fcr Informations-, Telekommunikations- und Medienrecht (ITM) \u2013 zivilrechtliche Abteilung, Prof. Dr. Thomas Hoeren \u2013 organisiert. Alle Interessierten k\u00f6nnen an dem ca. einst\u00fcndigen Seminar kostenfrei teilnehmen. Zu Gast wird Herr Niklas Schenck \u2013 ein mehrfach ausgezeichneter Journalist und Dokumentarfilmer \u2013 sein. [&#8230;]\n","protected":false},"author":40,"featured_media":23694,"comment_status":"closed","ping_status":"closed","sticky":false,"template":"","format":"standard","meta":{"_acf_changed":false,"footnotes":""},"categories":[1],"tags":[],"class_list":["post-27244","post","type-post","status-publish","format-standard","has-post-thumbnail","hentry","category-unkategorisiert"],"acf":[],"_links":{"self":[{"href":"https:\/\/www.itm.nrw\/en\/wp-json\/wp\/v2\/posts\/27244","targetHints":{"allow":["GET"]}}],"collection":[{"href":"https:\/\/www.itm.nrw\/en\/wp-json\/wp\/v2\/posts"}],"about":[{"href":"https:\/\/www.itm.nrw\/en\/wp-json\/wp\/v2\/types\/post"}],"author":[{"embeddable":true,"href":"https:\/\/www.itm.nrw\/en\/wp-json\/wp\/v2\/users\/40"}],"replies":[{"embeddable":true,"href":"https:\/\/www.itm.nrw\/en\/wp-json\/wp\/v2\/comments?post=27244"}],"version-history":[{"count":0,"href":"https:\/\/www.itm.nrw\/en\/wp-json\/wp\/v2\/posts\/27244\/revisions"}],"wp:featuredmedia":[{"embeddable":true,"href":"https:\/\/www.itm.nrw\/en\/wp-json\/wp\/v2\/media\/23694"}],"wp:attachment":[{"href":"https:\/\/www.itm.nrw\/en\/wp-json\/wp\/v2\/media?parent=27244"}],"wp:term":[{"taxonomy":"category","embeddable":true,"href":"https:\/\/www.itm.nrw\/en\/wp-json\/wp\/v2\/categories?post=27244"},{"taxonomy":"post_tag","embeddable":true,"href":"https:\/\/www.itm.nrw\/en\/wp-json\/wp\/v2\/tags?post=27244"}],"curies":[{"name":"wp","href":"https:\/\/api.w.org\/{rel}","templated":true}]}}