{"id":27238,"date":"2020-10-19T09:40:21","date_gmt":"2020-10-19T07:40:21","guid":{"rendered":"https:\/\/www.itm.nrw\/bundesweite-zusatzausbildung-informations-telekommunikations-und-medienrecht\/"},"modified":"2020-10-19T09:40:21","modified_gmt":"2020-10-19T07:40:21","slug":"bundesweite-zusatzausbildung-informations-telekommunikations-und-medienrecht","status":"publish","type":"post","link":"https:\/\/www.itm.nrw\/en\/bundesweite-zusatzausbildung-informations-telekommunikations-und-medienrecht\/","title":{"rendered":"Bundesweite Zusatzausbildung &#8220;Informations-, Telekommunikations- und Medienrecht&#8221;"},"content":{"rendered":"<p>Das ITM freut sich, die Zusatzausbildung &#8220;Informations-, Telekommunikations- und Medienrecht&#8221; ab dem kommenden Wintersemester auch als <strong>bundesweite<\/strong> Veranstaltung f\u00fcr Studierende der Rechtswissenschaften sowie Rechtsrefrendare anzubieten.<\/p>\n<p>Die Veranstaltung besteht aus den Vorlesungen Informationsrecht sowie Rundfunk- und Presserecht und einem Seminar. Informationen zu den vom ITM angebotenen Seminaren entnehmen Sie bitte laufend unserer Homepage. Alle Veranstaltungen werden <strong>Online als ZOOM-Meeting<\/strong> stattfinden.<\/p>\n<p>Bitte beachten Sie, dass der Erhalt des Zertifikats das erfolgreiche Bestehen der Pr\u00fcfungen voraussetzt.<\/p>\n<p>Weiterf\u00fchrende Informationen zum Ablauf finden Sie <a href=\"https:\/\/www.itm.nrw\/en\/the-itm-2\/\">hier<\/a>.<\/p>\n<p>F\u00fcr die Anmeldung ben\u00f6tigen wir Ihren Namen, Ihre E-Mail-Adresse sowie Ihre Universit\u00e4t. Bitte richten Sie ihre Anmeldung an Aurelia Merbecks (aurelia.merbecks@uni-muenster.de).<\/p>\n","protected":false},"excerpt":{"rendered":"<p>Das ITM freut sich, die Zusatzausbildung &#8220;Informations-, Telekommunikations- und Medienrecht&#8221; ab dem kommenden Wintersemester auch als bundesweite Veranstaltung f\u00fcr Studierende der Rechtswissenschaften sowie Rechtsrefrendare anzubieten. Die Veranstaltung besteht aus den Vorlesungen Informationsrecht sowie Rundfunk- und Presserecht und einem Seminar. Informationen zu den vom ITM angebotenen Seminaren entnehmen Sie bitte laufend unserer Homepage. Alle Veranstaltungen werden [&#8230;]\n","protected":false},"author":42,"featured_media":23694,"comment_status":"closed","ping_status":"closed","sticky":false,"template":"","format":"standard","meta":{"_acf_changed":false,"footnotes":""},"categories":[1],"tags":[],"class_list":["post-27238","post","type-post","status-publish","format-standard","has-post-thumbnail","hentry","category-unkategorisiert"],"acf":[],"_links":{"self":[{"href":"https:\/\/www.itm.nrw\/en\/wp-json\/wp\/v2\/posts\/27238","targetHints":{"allow":["GET"]}}],"collection":[{"href":"https:\/\/www.itm.nrw\/en\/wp-json\/wp\/v2\/posts"}],"about":[{"href":"https:\/\/www.itm.nrw\/en\/wp-json\/wp\/v2\/types\/post"}],"author":[{"embeddable":true,"href":"https:\/\/www.itm.nrw\/en\/wp-json\/wp\/v2\/users\/42"}],"replies":[{"embeddable":true,"href":"https:\/\/www.itm.nrw\/en\/wp-json\/wp\/v2\/comments?post=27238"}],"version-history":[{"count":0,"href":"https:\/\/www.itm.nrw\/en\/wp-json\/wp\/v2\/posts\/27238\/revisions"}],"wp:featuredmedia":[{"embeddable":true,"href":"https:\/\/www.itm.nrw\/en\/wp-json\/wp\/v2\/media\/23694"}],"wp:attachment":[{"href":"https:\/\/www.itm.nrw\/en\/wp-json\/wp\/v2\/media?parent=27238"}],"wp:term":[{"taxonomy":"category","embeddable":true,"href":"https:\/\/www.itm.nrw\/en\/wp-json\/wp\/v2\/categories?post=27238"},{"taxonomy":"post_tag","embeddable":true,"href":"https:\/\/www.itm.nrw\/en\/wp-json\/wp\/v2\/tags?post=27238"}],"curies":[{"name":"wp","href":"https:\/\/api.w.org\/{rel}","templated":true}]}}