{"id":27236,"date":"2020-10-28T17:36:09","date_gmt":"2020-10-28T16:36:09","guid":{"rendered":"https:\/\/www.itm.nrw\/sportrechtseminar-2021\/"},"modified":"2020-10-28T17:36:09","modified_gmt":"2020-10-28T16:36:09","slug":"sportrechtseminar-2021","status":"publish","type":"post","link":"https:\/\/www.itm.nrw\/en\/sportrechtseminar-2021\/","title":{"rendered":"Sportrechtseminar 2021"},"content":{"rendered":"<p>Prof. Dr. Thomas Hoeren und Prof. Dr. Gerald M\u00e4sch werden im Sommersemester 2021 ein<\/p>\n<p style=\"text-align: center\"><strong>Sportrechtseminar<\/strong><\/p>\n<p>veranstalten. Geplant ist, dies wieder in Kooperation mit Borussia Dortmund durchzuf\u00fchren. Die Vorbesprechung und Themenvergabe f\u00fcr das Seminar findet <strong>am 11.\u00a0Januar\u00a02021 um 17:00 Uhr digital<\/strong> statt. Nur Teilnehmer dieser Vorbesprechung k\u00f6nnen f\u00fcr das Seminar ber\u00fccksichtigt werden. F\u00fcr die Teilnahme an der Vorbesprechung ist eine schriftliche Anmeldung am Lehrstuhl Hoeren (<u>sp\u00e4testens bis zum 8.\u00a0Januar 2021<\/u>) unter Beibringung eines WiLMa-II-Ausdrucks erforderlich.<\/p>\n<p>Das <strong>Anmeldeformular<\/strong> finden Sie hier.<\/p>\n<p>&nbsp;<\/p>\n<p>Es stehen 20 verschiedene Seminarthemen zur Verf\u00fcgung.<\/p>\n<p>Die <strong>Themen 1 bis 15<\/strong> werden vom Lehrstuhl Hoeren betreut. Eine kurze Beschreibung der Themen finden Sie hier.<\/p>\n<p>Die <strong>Themen 16 bis 20<\/strong> werden vom Lehrstuhl M\u00e4sch betreut.<\/p>\n<p>&nbsp;<\/p>\n<p>Die Organisation des Seminars \u00fcbernimmt der Lehrstuhl Hoeren. Fragen bitte telefonisch oder per E-Mail an <a href=\"mailto:steffen.uphues@uni-muenster.de\">steffen.uphues@uni-muenster.de<\/a> (Steffen Uphues, ITM).<\/p>\n","protected":false},"excerpt":{"rendered":"<p>Prof. Dr. Thomas Hoeren und Prof. Dr. Gerald M\u00e4sch werden im Sommersemester 2021 ein Sportrechtseminar veranstalten. Geplant ist, dies wieder in Kooperation mit Borussia Dortmund durchzuf\u00fchren. Die Vorbesprechung und Themenvergabe f\u00fcr das Seminar findet am 11.\u00a0Januar\u00a02021 um 17:00 Uhr digital statt. Nur Teilnehmer dieser Vorbesprechung k\u00f6nnen f\u00fcr das Seminar ber\u00fccksichtigt werden. F\u00fcr die Teilnahme an [&#8230;]\n","protected":false},"author":36,"featured_media":23694,"comment_status":"closed","ping_status":"closed","sticky":false,"template":"","format":"standard","meta":{"_acf_changed":false,"footnotes":""},"categories":[1],"tags":[],"class_list":["post-27236","post","type-post","status-publish","format-standard","has-post-thumbnail","hentry","category-unkategorisiert"],"acf":[],"_links":{"self":[{"href":"https:\/\/www.itm.nrw\/en\/wp-json\/wp\/v2\/posts\/27236","targetHints":{"allow":["GET"]}}],"collection":[{"href":"https:\/\/www.itm.nrw\/en\/wp-json\/wp\/v2\/posts"}],"about":[{"href":"https:\/\/www.itm.nrw\/en\/wp-json\/wp\/v2\/types\/post"}],"author":[{"embeddable":true,"href":"https:\/\/www.itm.nrw\/en\/wp-json\/wp\/v2\/users\/36"}],"replies":[{"embeddable":true,"href":"https:\/\/www.itm.nrw\/en\/wp-json\/wp\/v2\/comments?post=27236"}],"version-history":[{"count":0,"href":"https:\/\/www.itm.nrw\/en\/wp-json\/wp\/v2\/posts\/27236\/revisions"}],"wp:featuredmedia":[{"embeddable":true,"href":"https:\/\/www.itm.nrw\/en\/wp-json\/wp\/v2\/media\/23694"}],"wp:attachment":[{"href":"https:\/\/www.itm.nrw\/en\/wp-json\/wp\/v2\/media?parent=27236"}],"wp:term":[{"taxonomy":"category","embeddable":true,"href":"https:\/\/www.itm.nrw\/en\/wp-json\/wp\/v2\/categories?post=27236"},{"taxonomy":"post_tag","embeddable":true,"href":"https:\/\/www.itm.nrw\/en\/wp-json\/wp\/v2\/tags?post=27236"}],"curies":[{"name":"wp","href":"https:\/\/api.w.org\/{rel}","templated":true}]}}