{"id":27198,"date":"2022-04-14T11:44:06","date_gmt":"2022-04-14T09:44:06","guid":{"rendered":"https:\/\/www.itm.nrw\/stellenausschreibung-studentische-hilfskraefte-gesucht\/"},"modified":"2022-04-14T11:44:06","modified_gmt":"2022-04-14T09:44:06","slug":"stellenausschreibung-studentische-hilfskraefte-gesucht","status":"publish","type":"post","link":"https:\/\/www.itm.nrw\/en\/stellenausschreibung-studentische-hilfskraefte-gesucht\/","title":{"rendered":"Stellenausschreibung: Studentische Hilfskr\u00e4fte gesucht"},"content":{"rendered":"<h1 style=\"text-align: center\">Stellenausschreibung<\/h1>\n<p>Am Institut f\u00fcr Informations-, Telekommunikations- und Medienrecht, zivilrechtliche Abteilung, ist <b>ab dem 1. August 2022 <\/b>eine Stelle als<\/p>\n<h2 style=\"text-align: center\"><strong>Studentische Hilfskraft (SHK)<\/strong><br \/>\n(m\/w\/d)<b>\u00a0<\/b><\/h2>\n<p>mit 5 Std.\/Woche Arbeitszeit zu besetzen. Die Stelle ist zun\u00e4chst bis zum 31. Dezember 2022 befristet. Eine l\u00e4ngere Zusammenarbeit ist gew\u00fcnscht.<\/p>\n<p>Es handelt sich um eine <b>durch Drittmittel finanzierte Stelle<\/b> in dem Forschungsprojekt<\/p>\n<h3 style=\"text-align: center\"><b>FAIR Data Spaces.<\/b><\/h3>\n<p><!--more-->Bewerberinnen\/Bewerber sollen sich mindestens im dritten Fachsemester befinden, insbesondere im B\u00fcrgerlichen Recht \u00fcberdurchschnittliche Studienleistungen erbracht haben und ein ausgepr\u00e4gtes Interesse an den Fragestellungen des Medienrechts sowie die F\u00e4higkeit aufweisen, sich selbstst\u00e4ndig in neue Rechtsfragen einzuarbeiten. Gute EDV-Kenntnisse sind von Vorteil.<\/p>\n<p>Die WWU M\u00fcnster tritt f\u00fcr die Geschlechtergerechtigkeit ein und strebt eine Erh\u00f6hung des Anteils von Frauen in Forschung und Lehre an. <b>Bewerbungen von Frauen sind daher ausdr\u00fccklich erw\u00fcnscht.<\/b> Frauen werden bei gleicher Eignung, Bef\u00e4higung und fachlicher Leistung bevorzugt ber\u00fccksichtigt, sofern nicht in der Person eines Mitbewerbers liegende Gr\u00fcnde \u00fcberwiegen.<\/p>\n<p>Schwerbehinderte werden bei gleicher Qualifikation bevorzugt eingestellt.<\/p>\n<p>Bitte richten Sie Ihre Bewerbung bis zum 08. Mai 2022 per E-Mail an:<\/p>\n<p>&nbsp;<\/p>\n<p style=\"text-align: center\">Herrn <b>Julian Gro\u00dfe-<\/b><b>Ophoff<\/b> (julian.grosse-ophoff@uni-muenster.de)<\/p>\n<p style=\"text-align: center\">Institut f\u00fcr Informations-, Telekommunikations- und Medienrecht,<\/p>\n<p style=\"text-align: center\">Zivilrechtliche Abteilung, Leonardo-Campus 9, 48149 M\u00fcnster<\/p>\n<p style=\"text-align: left\">(Reisekosten k\u00f6nnen nicht erstattet werden)<\/p>\n","protected":false},"excerpt":{"rendered":"<p>Stellenausschreibung Am Institut f\u00fcr Informations-, Telekommunikations- und Medienrecht, zivilrechtliche Abteilung, ist ab dem 1. August 2022 eine Stelle als Studentische Hilfskraft (SHK) (m\/w\/d)\u00a0 mit 5 Std.\/Woche Arbeitszeit zu besetzen. Die Stelle ist zun\u00e4chst bis zum 31. Dezember 2022 befristet. Eine l\u00e4ngere Zusammenarbeit ist gew\u00fcnscht. Es handelt sich um eine durch Drittmittel finanzierte Stelle in dem [&#8230;]\n","protected":false},"author":53,"featured_media":23694,"comment_status":"closed","ping_status":"closed","sticky":false,"template":"","format":"standard","meta":{"_acf_changed":false,"footnotes":""},"categories":[1],"tags":[],"class_list":["post-27198","post","type-post","status-publish","format-standard","has-post-thumbnail","hentry","category-unkategorisiert"],"acf":[],"_links":{"self":[{"href":"https:\/\/www.itm.nrw\/en\/wp-json\/wp\/v2\/posts\/27198","targetHints":{"allow":["GET"]}}],"collection":[{"href":"https:\/\/www.itm.nrw\/en\/wp-json\/wp\/v2\/posts"}],"about":[{"href":"https:\/\/www.itm.nrw\/en\/wp-json\/wp\/v2\/types\/post"}],"author":[{"embeddable":true,"href":"https:\/\/www.itm.nrw\/en\/wp-json\/wp\/v2\/users\/53"}],"replies":[{"embeddable":true,"href":"https:\/\/www.itm.nrw\/en\/wp-json\/wp\/v2\/comments?post=27198"}],"version-history":[{"count":0,"href":"https:\/\/www.itm.nrw\/en\/wp-json\/wp\/v2\/posts\/27198\/revisions"}],"wp:featuredmedia":[{"embeddable":true,"href":"https:\/\/www.itm.nrw\/en\/wp-json\/wp\/v2\/media\/23694"}],"wp:attachment":[{"href":"https:\/\/www.itm.nrw\/en\/wp-json\/wp\/v2\/media?parent=27198"}],"wp:term":[{"taxonomy":"category","embeddable":true,"href":"https:\/\/www.itm.nrw\/en\/wp-json\/wp\/v2\/categories?post=27198"},{"taxonomy":"post_tag","embeddable":true,"href":"https:\/\/www.itm.nrw\/en\/wp-json\/wp\/v2\/tags?post=27198"}],"curies":[{"name":"wp","href":"https:\/\/api.w.org\/{rel}","templated":true}]}}