{"id":27197,"date":"2022-04-25T13:59:14","date_gmt":"2022-04-25T11:59:14","guid":{"rendered":"https:\/\/www.itm.nrw\/webinar-ankuendigun-der-zivilrechtliche-schutz-des-immobiliennamens\/"},"modified":"2022-04-25T13:59:14","modified_gmt":"2022-04-25T11:59:14","slug":"webinar-ankuendigun-der-zivilrechtliche-schutz-des-immobiliennamens","status":"publish","type":"post","link":"https:\/\/www.itm.nrw\/en\/webinar-ankuendigun-der-zivilrechtliche-schutz-des-immobiliennamens\/","title":{"rendered":"Webinar-Ank\u00fcndigung: Der kennzeichenrechtliche Schutz des Immobiliennamens"},"content":{"rendered":"<p>Wir freuen uns sehr, dass wir Herrn Christoph Matras gewinnen konnten, einen Vortrag zu seinem Dissertationsthema \u201eDer kennzeichenrechtliche Schutz des Immobiliennamens\u201c zu halten. Der einst\u00fcndige Vortrag wird \u00fcber <strong>Zoom<\/strong> am <strong>17.05.2022 um 12 Uhr<\/strong> stattfinden.<\/p>\n<p>Herr Matras ist Doktorand von Prof. Dr. Thomas Hoeren. Studiert hat er an der Goethe-Universit\u00e4t in Frankfurt und hier den Schwerpunkt zum IP-\/IT-\/Datenschutzrecht besucht. Herr Matras ist seit \u00fcber drei Jahren als wissenschaftlicher Mitarbeiter im Bereich IP\/IT-Recht in einer mittelst\u00e4ndischen Wirtschaftskanzlei in Frankfurt t\u00e4tig.<\/p>\n<p>Der Vortrag wird problematisieren, dass der kennzeichenrechtliche Schutz von Geb\u00e4udenamen in der Rechtsanwendung erheblichen Schwierigkeiten gegen\u00fcbersteht. Insbesondere wird dazu der markenrechtliche Warenbegriff thematisiert. Die damit einhergehende ungleiche Behandlung gegen\u00fcber anderen Bezugsobjekten des Kennzeichenschutzes ist Kernanliegen des Vortrags. Dabei soll neben dem Markenrecht das breite Feld an Schutzm\u00f6glichkeiten im Kennzeichenrecht &#8211; die mit Blick auf Immobilien durchaus Streitpotenzial besitzen &#8211; beleuchtet werden. Diskutiert und problematisiert werden sollen auf dem Weg zum \u201eImmobilienkennzeichenrecht\u201c verschiedene Ans\u00e4tze angefangen von Anpassungsm\u00f6glichkeiten in der Nizzaer Klassifikation, \u00fcber Auslegungsm\u00f6glichkeiten bis hin zu einem \u201eSonderschutzgesetz Immobilie&#8221;, sowie deren Grenzen und Legitimation im Lichte der europ\u00e4ischen Entwicklungstendenzen im Markenrecht.<\/p>\n<p>Anmeldungen sind bis zum 15.05.2022 bei Oliver Lampe (o_lamp01@uni-muenster.de) per Mail m\u00f6glich. Eine Teilnahmebescheinigung als Nachweis nach \u00a7 15 FAO wird im Nachgang ausgestellt. Die Einwahldaten erhalten Sie am Tag der Veranstaltung.<\/p>\n","protected":false},"excerpt":{"rendered":"<p>Wir freuen uns sehr, dass wir Herrn Christoph Matras gewinnen konnten, einen Vortrag zu seinem Dissertationsthema \u201eDer kennzeichenrechtliche Schutz des Immobiliennamens\u201c zu halten. Der einst\u00fcndige Vortrag wird \u00fcber Zoom am 17.05.2022 um 12 Uhr stattfinden. Herr Matras ist Doktorand von Prof. Dr. Thomas Hoeren. Studiert hat er an der Goethe-Universit\u00e4t in Frankfurt und hier den [&#8230;]\n","protected":false},"author":40,"featured_media":23694,"comment_status":"closed","ping_status":"closed","sticky":false,"template":"","format":"standard","meta":{"_acf_changed":false,"footnotes":""},"categories":[1],"tags":[],"class_list":["post-27197","post","type-post","status-publish","format-standard","has-post-thumbnail","hentry","category-unkategorisiert"],"acf":[],"_links":{"self":[{"href":"https:\/\/www.itm.nrw\/en\/wp-json\/wp\/v2\/posts\/27197","targetHints":{"allow":["GET"]}}],"collection":[{"href":"https:\/\/www.itm.nrw\/en\/wp-json\/wp\/v2\/posts"}],"about":[{"href":"https:\/\/www.itm.nrw\/en\/wp-json\/wp\/v2\/types\/post"}],"author":[{"embeddable":true,"href":"https:\/\/www.itm.nrw\/en\/wp-json\/wp\/v2\/users\/40"}],"replies":[{"embeddable":true,"href":"https:\/\/www.itm.nrw\/en\/wp-json\/wp\/v2\/comments?post=27197"}],"version-history":[{"count":0,"href":"https:\/\/www.itm.nrw\/en\/wp-json\/wp\/v2\/posts\/27197\/revisions"}],"wp:featuredmedia":[{"embeddable":true,"href":"https:\/\/www.itm.nrw\/en\/wp-json\/wp\/v2\/media\/23694"}],"wp:attachment":[{"href":"https:\/\/www.itm.nrw\/en\/wp-json\/wp\/v2\/media?parent=27197"}],"wp:term":[{"taxonomy":"category","embeddable":true,"href":"https:\/\/www.itm.nrw\/en\/wp-json\/wp\/v2\/categories?post=27197"},{"taxonomy":"post_tag","embeddable":true,"href":"https:\/\/www.itm.nrw\/en\/wp-json\/wp\/v2\/tags?post=27197"}],"curies":[{"name":"wp","href":"https:\/\/api.w.org\/{rel}","templated":true}]}}