{"id":27172,"date":"2022-10-21T15:36:44","date_gmt":"2022-10-21T13:36:44","guid":{"rendered":"https:\/\/www.itm.nrw\/stellenausschreibung-wissenschaftlicher-mitarbeiterin-gesucht\/"},"modified":"2022-10-21T15:36:44","modified_gmt":"2022-10-21T13:36:44","slug":"stellenausschreibung-wissenschaftlicher-mitarbeiterin-gesucht","status":"publish","type":"post","link":"https:\/\/www.itm.nrw\/en\/stellenausschreibung-wissenschaftlicher-mitarbeiterin-gesucht\/","title":{"rendered":"Stellenausschreibung:  Mitarbeiter\/in gesucht!"},"content":{"rendered":"<p>Im Institut f\u00fcr Informations-, Telekommunikations- und Medienrecht, Zivilrechtliche Abteilung, Prof. Dr. Thomas Hoeren im Fachbereich 03 der WWU ist zum 01.02.2023 die Stelle als<\/p>\n<p style=\"text-align: center;\"><strong>Wissenschaftliche Mitarbeiter\/in <\/strong><\/p>\n<p style=\"text-align: center;\"><strong>(E 13 TV-L)<\/strong><\/p>\n<p>im Drittmittelprojekt \u201eRechtsinformationsstelle des Online-Landesportals NRW\u201c zu besetzen. Angeboten wird eine bis zum 31. Dezember 2023 befristete Teilzeitstelle (50%). Eine Verl\u00e4ngerung der Befristung wird grunds\u00e4tzlich angestrebt.<\/p>\n<p><!--more--><\/p>\n<p><strong>Ihre Aufgaben:<\/strong><\/p>\n<ul>\n<li>Mitarbeit im Drittmittelprojekt der Rechtsinformationsstelle des Online-Landesportals NRW<\/li>\n<li>Bearbeitung eingehender Anfragen von DH.NRW-Hochschulen und Lehrenden<\/li>\n<li>Erstellung von Gutachten zu Fragestellungen der Digitalen Lehre (z.B. CC-Lizenzen, Datenschutz bei E-Pr\u00fcfungen)<\/li>\n<li>Weiterbildungsangebote und Informationsveranstaltungen f\u00fcr Lehrende der DH.NRW-Hochschulen (z.B. Vortr\u00e4ge, Workshops, Podcasts)<\/li>\n<li>Herausgabe eines Newsletters zu aktuellen Themen<\/li>\n<\/ul>\n<p><strong>Unsere Erwartungen:<\/strong><\/p>\n<ul>\n<li>Erstes juristisches Staatsexamen, von Vorteil ist das zweite Staatsexamen, jeweils m\u00f6glichst mit Pr\u00e4dikat<\/li>\n<li>Vertiefte Kenntnisse im Urheberrecht, im Idealfall in Bezug auf digitale Bildungsmaterialien und Online-Lehre (nachgewiesen durch Vorlage von Zeugnissen, Qualifikationsabschl\u00fcssen, Weiterbildungszertifikaten und durch Vorlesungs-, Seminar- bzw. Schwerpunktbelegung oder einschl\u00e4gige Erfahrung)<\/li>\n<li>Vertiefte Kenntnisse im Datenschutzrecht, insbesondere im Zusammenhang mit der digitalen Lehre und E-Pr\u00fcfungen (nachgewiesen durch Vorlage von Zeugnissen, Qualifikationsabschl\u00fcssen, Weiterbildungszertifikaten und durch Schwerpunktbelegung oder einschl\u00e4gige Erfahrung)<\/li>\n<li>Gute Englischkenntnisse sind vorteilhaft<\/li>\n<li>Teamf\u00e4higkeit, Organisationstalent und eine eigenst\u00e4ndige Arbeitsweise<\/li>\n<\/ul>\n<p><strong>Ihr Gewinn:<\/strong><\/p>\n<ul>\n<li>Verantwortungsvolle, abwechslungsreiche und herausfordernde Aufgaben<\/li>\n<li>Freundliche und kollegiale Arbeitsatmosph\u00e4re<\/li>\n<\/ul>\n<p>Die WWU setzt sich f\u00fcr Chancengerechtigkeit und Vielfalt ein. Wir begr\u00fc\u00dfen alle Bewerbungen unabh\u00e4ngig von Geschlecht, Nationalit\u00e4t, ethnischer oder sozialer Herkunft, der Religion oder Weltanschauung, Beeintr\u00e4chtigung, Alter sowie sexueller Orientierung oder Identit\u00e4t. Eine familiengerechte Gestaltung der Arbeitsbedingungen ist uns ein selbstverst\u00e4ndliches Anliegen.<\/p>\n<p>Die WWU tritt f\u00fcr die Geschlechtergerechtigkeit ein und strebt eine Erh\u00f6hung des Anteils von Frauen in Forschung und Lehre an. Bewerbungen von Frauen sind daher ausdr\u00fccklich erw\u00fcnscht; Frauen werden bei gleicher Eignung, Bef\u00e4higung und fachlicher Leistung bevorzugt ber\u00fccksichtigt, sofern nicht in der Person eines Mitbewerbers liegende Gr\u00fcnde \u00fcberwiegen.<\/p>\n<p>Haben wir Ihr Interesse geweckt? Dann freuen wir uns \u00fcber Ihre Bewerbung bis zum 04.11.2022 an die<\/p>\n<p style=\"text-align: center;\"><strong>Westf\u00e4lische Wilhelms-Universit\u00e4t<br \/>\n<\/strong><strong>Institut f\u00fcr Informations-, Telekommunikations- und Medienrecht<br \/>\n<\/strong><strong>\u2013 Zivilrechtliche Abteilung \u2013<br \/>\n<\/strong><strong>Fachbereich 03<br \/>\n<\/strong><strong>Nele Klostermeyer<br \/>\n<\/strong><strong>Leonardo-Campus 9<br \/>\n<\/strong><strong>48149 M\u00fcnster<\/strong><\/p>\n<p>Sie k\u00f6nnen Ihre Bewerbung auch gerne als pdf-Datei an <strong>hoeren@uni-muenster.de<\/strong> senden. Bitte beachten Sie, dass wir andere Dateiformate nicht ber\u00fccksichtigen k\u00f6nnen.<\/p>\n<p>(Reisekosten k\u00f6nnen nicht erstattet werden)<\/p>\n","protected":false},"excerpt":{"rendered":"<p>Im Institut f\u00fcr Informations-, Telekommunikations- und Medienrecht, Zivilrechtliche Abteilung, Prof. Dr. Thomas Hoeren im Fachbereich 03 der WWU ist zum 01.02.2023 die Stelle als Wissenschaftliche Mitarbeiter\/in (E 13 TV-L) im Drittmittelprojekt \u201eRechtsinformationsstelle des Online-Landesportals NRW\u201c zu besetzen. Angeboten wird eine bis zum 31. Dezember 2023 befristete Teilzeitstelle (50%). Eine Verl\u00e4ngerung der Befristung wird grunds\u00e4tzlich angestrebt.<\/p>\n","protected":false},"author":45,"featured_media":23694,"comment_status":"closed","ping_status":"closed","sticky":false,"template":"","format":"standard","meta":{"_acf_changed":false,"footnotes":""},"categories":[1],"tags":[],"class_list":["post-27172","post","type-post","status-publish","format-standard","has-post-thumbnail","hentry","category-unkategorisiert"],"acf":[],"_links":{"self":[{"href":"https:\/\/www.itm.nrw\/en\/wp-json\/wp\/v2\/posts\/27172","targetHints":{"allow":["GET"]}}],"collection":[{"href":"https:\/\/www.itm.nrw\/en\/wp-json\/wp\/v2\/posts"}],"about":[{"href":"https:\/\/www.itm.nrw\/en\/wp-json\/wp\/v2\/types\/post"}],"author":[{"embeddable":true,"href":"https:\/\/www.itm.nrw\/en\/wp-json\/wp\/v2\/users\/45"}],"replies":[{"embeddable":true,"href":"https:\/\/www.itm.nrw\/en\/wp-json\/wp\/v2\/comments?post=27172"}],"version-history":[{"count":0,"href":"https:\/\/www.itm.nrw\/en\/wp-json\/wp\/v2\/posts\/27172\/revisions"}],"wp:featuredmedia":[{"embeddable":true,"href":"https:\/\/www.itm.nrw\/en\/wp-json\/wp\/v2\/media\/23694"}],"wp:attachment":[{"href":"https:\/\/www.itm.nrw\/en\/wp-json\/wp\/v2\/media?parent=27172"}],"wp:term":[{"taxonomy":"category","embeddable":true,"href":"https:\/\/www.itm.nrw\/en\/wp-json\/wp\/v2\/categories?post=27172"},{"taxonomy":"post_tag","embeddable":true,"href":"https:\/\/www.itm.nrw\/en\/wp-json\/wp\/v2\/tags?post=27172"}],"curies":[{"name":"wp","href":"https:\/\/api.w.org\/{rel}","templated":true}]}}