{"id":23658,"date":"2023-06-01T10:53:01","date_gmt":"2023-06-01T08:53:01","guid":{"rendered":"https:\/\/www.itm.nrw\/2023\/06\/01\/legal-tech-seminar-im-wintersemester-2023-24\/"},"modified":"2023-12-21T13:08:12","modified_gmt":"2023-12-21T12:08:12","slug":"legal-tech-seminar-im-wintersemester-2023-24","status":"publish","type":"post","link":"https:\/\/www.itm.nrw\/en\/legal-tech-seminar-im-wintersemester-2023-24\/","title":{"rendered":"Legal-Tech Seminar im Wintersemester 2023\/24"},"content":{"rendered":"<p>Prof. Dr. Thomas Hoeren wird im kommenden Wintersemester <span id=\"page3R_mcid4\" class=\"markedContent\"><span dir=\"ltr\" role=\"presentation\">ein Seminar zum Thema \u201eLegal-Tech\u201c veranstalten. Das Seminar soll im Fr\u00fchjahr 2024 als ein- oder zweit\u00e4gige Blockveranstaltung stattfinden. Interessenten sollten \u00fcber IT-Grundkenntnisse verf\u00fcgen. <\/span><\/span><span id=\"page3R_mcid4\" class=\"markedContent\"><span dir=\"ltr\" role=\"presentation\">Die Vorbesprechung mit Themenvergabe findet virtuell \u00fcber Zoom am <strong>Dienstag<\/strong><span id=\"page3R_mcid9\" class=\"markedContent\"><strong>, den 20. Juni 2023, um 17:00 Uhr<\/strong> statt. Die Teilnahme an der Vorbesprechung ist f\u00fcr die Teilnahme am Seminar <strong>zwingend notwendig<\/strong>. Die <\/span><\/span><\/span>Themenliste\u00a0finden Sie hier.<\/p>\n<p><span id=\"page3R_mcid4\" class=\"markedContent\"><span dir=\"ltr\" role=\"presentation\"><span id=\"page3R_mcid9\" class=\"markedContent\">Einwahldaten f\u00fcr das Zoom-Meeting:\u00a0<\/span><\/span><\/span><\/p>\n<p>Meeting-ID: 678 6089 0442<\/p>\n<p>Kenncode: 747993\u00a0<\/p>\n<p><a href=\"https:\/\/wwu.zoom.us\/j\/67860890442?pwd=c1hmWHltdjNsM3hkTUpGNW9RU3VGUT09\">https:\/\/wwu.zoom.us\/j\/67860890442?pwd=c1hmWHltdjNsM3hkTUpGNW9RU3VGUT09<\/a>\u00a0<\/p>\n<p>F\u00fcr Fragen und Anmeldungen zur Vorbesprechung wenden Sie sich bitte per E-Mail an Merlin Rombach (m_romb02@uni-muenster.de) und Philip Mayer (philip.mayer@uni-muenster.de).<\/p>\n","protected":false},"excerpt":{"rendered":"<p>Prof. Dr. Thomas Hoeren wird im kommenden Wintersemester ein Seminar zum Thema \u201eLegal-Tech\u201c veranstalten. Das Seminar soll im Fr\u00fchjahr 2024 als ein- oder zweit\u00e4gige Blockveranstaltung stattfinden. Interessenten sollten \u00fcber IT-Grundkenntnisse verf\u00fcgen. Die Vorbesprechung mit Themenvergabe findet virtuell \u00fcber Zoom am Dienstag, den 20. Juni 2023, um 17:00 Uhr statt. Die Teilnahme an der Vorbesprechung ist [&#8230;]\n","protected":false},"author":57,"featured_media":23693,"comment_status":"closed","ping_status":"closed","sticky":false,"template":"","format":"standard","meta":{"_acf_changed":false,"footnotes":""},"categories":[1061],"tags":[],"class_list":["post-23658","post","type-post","status-publish","format-standard","has-post-thumbnail","hentry","category-announcements"],"acf":[],"_links":{"self":[{"href":"https:\/\/www.itm.nrw\/en\/wp-json\/wp\/v2\/posts\/23658","targetHints":{"allow":["GET"]}}],"collection":[{"href":"https:\/\/www.itm.nrw\/en\/wp-json\/wp\/v2\/posts"}],"about":[{"href":"https:\/\/www.itm.nrw\/en\/wp-json\/wp\/v2\/types\/post"}],"author":[{"embeddable":true,"href":"https:\/\/www.itm.nrw\/en\/wp-json\/wp\/v2\/users\/57"}],"replies":[{"embeddable":true,"href":"https:\/\/www.itm.nrw\/en\/wp-json\/wp\/v2\/comments?post=23658"}],"version-history":[{"count":1,"href":"https:\/\/www.itm.nrw\/en\/wp-json\/wp\/v2\/posts\/23658\/revisions"}],"predecessor-version":[{"id":26891,"href":"https:\/\/www.itm.nrw\/en\/wp-json\/wp\/v2\/posts\/23658\/revisions\/26891"}],"wp:featuredmedia":[{"embeddable":true,"href":"https:\/\/www.itm.nrw\/en\/wp-json\/wp\/v2\/media\/23693"}],"wp:attachment":[{"href":"https:\/\/www.itm.nrw\/en\/wp-json\/wp\/v2\/media?parent=23658"}],"wp:term":[{"taxonomy":"category","embeddable":true,"href":"https:\/\/www.itm.nrw\/en\/wp-json\/wp\/v2\/categories?post=23658"},{"taxonomy":"post_tag","embeddable":true,"href":"https:\/\/www.itm.nrw\/en\/wp-json\/wp\/v2\/tags?post=23658"}],"curies":[{"name":"wp","href":"https:\/\/api.w.org\/{rel}","templated":true}]}}