{"id":23594,"date":"2022-11-10T16:04:44","date_gmt":"2022-11-10T15:04:44","guid":{"rendered":"https:\/\/www.itm.nrw\/2022\/11\/10\/alumni-coming-back-to-itm\/"},"modified":"2024-01-18T10:59:35","modified_gmt":"2024-01-18T09:59:35","slug":"ehemalige-am-itm","status":"publish","type":"post","link":"https:\/\/www.itm.nrw\/en\/ehemalige-am-itm\/","title":{"rendered":"Ehemalige am ITM"},"content":{"rendered":"<p>Auf Einladung des Vereins zur F\u00f6rderung der zivilrechtlichen Abteilung des Instituts f\u00fcr Informations-, Telekommunikations- und Medienrecht fand am 05.11.2022 das diesj\u00e4hrige Ehemaligentreffen in den R\u00e4umlichkeiten des Instituts statt.<\/p>\n<p>Institutsdirektor Prof. Dr. Thomas Hoeren gab zun\u00e4chst einen \u00dcberblick \u00fcber die laufenden Entwicklungen innerhalb des Instituts. Im Anschluss folgten spannende Vortr\u00e4ge sowohl von aktuellen Mitarbeitern \u00fcber ihre Arbeit am Institut als auch ehemaligen Mitarbeitern, die ein breites Themenspektrum abdeckten.<\/p>\n<p>Es referierten Johanna Voget und Johannes M\u00fcller \u00fcber die aktuelle Arbeit innerhalb des DFN Vereins. Ferner berichtete Marie-Therese Wirtz, \u00fcber die interessante Entwicklung, der seit 2018 bestehenden und sich aktuell auch international ausrichtenden Art Law Clinic. Das interdisziplin\u00e4re Projekt wird von Kunststudierenden sehr positiv aufgenommen und erfreut sich breiter Beliebtheit. Justin Rennert gab einen informativen Einblick in den derzeitigen Stand der Medienregulierung auf EU-Ebene, der von den Zuh\u00f6renden mit gro\u00dfem Interesse verfolgt wurde.<\/p>\n<p>Daran schloss sich ein spannender Vortrag von Dr. Bernard A. Karikari zu seiner Funktion als Head of Corp. Data Protection bei Mercedes-Benz an. Den gelungenen Abschluss der Vortragsreihe bildete Dr. Berthold Hilderink, Head Employment Legal bei der UBS Europe SE, der zur arbeitsrechtlichen Frage des Besch\u00e4ftigtendatenschutzes und Datenschutz als Compliance-Ma\u00dfnahme referierte.<\/p>\n<p>Im Rahmen eines sich anschlie\u00dfenden Mittagssnacks bot sich die M\u00f6glichkeit des breiten Austausch mit aktuellen und ehemaligen Mitarbeitern. W\u00e4hrend des Nachmittagsprogramms widmeten sich die Teilnehmerinnen und Teilnehmer dann bei einem Besuch des Stadtmuseums der Geschichte M\u00fcnsters und konnten dabei noch so manch spannendes Detail \u00fcber die Vergangenheit der vermeintlich so vertrauten Stadt erfahren. Bei Apfelkuchen und Pflaumenstreusel im Caf\u00e9 Lux lie\u00df man den Tag gemeinsam ausklingen und tauschte Erfahrungen und Anekdoten \u00fcber die Zeit am ITM aus.<\/p>\n<p>Das Ehemaligentreffen findet jedes Jahr im November statt. <\/p>\n","protected":false},"excerpt":{"rendered":"<p>Auf Einladung des Vereins zur F\u00f6rderung der zivilrechtlichen Abteilung des Instituts f\u00fcr Informations-, Telekommunikations- und Medienrecht fand am 05.11.2022 das diesj\u00e4hrige Ehemaligentreffen in den R\u00e4umlichkeiten des Instituts statt. Institutsdirektor Prof. Dr. Thomas Hoeren gab zun\u00e4chst einen \u00dcberblick \u00fcber die laufenden Entwicklungen innerhalb des Instituts. Im Anschluss folgten spannende Vortr\u00e4ge sowohl von aktuellen Mitarbeitern \u00fcber ihre [&#8230;]\n","protected":false},"author":7,"featured_media":23694,"comment_status":"closed","ping_status":"closed","sticky":false,"template":"","format":"standard","meta":{"_acf_changed":false,"footnotes":""},"categories":[1067],"tags":[],"class_list":["post-23594","post","type-post","status-publish","format-standard","has-post-thumbnail","hentry","category-general"],"acf":[],"_links":{"self":[{"href":"https:\/\/www.itm.nrw\/en\/wp-json\/wp\/v2\/posts\/23594","targetHints":{"allow":["GET"]}}],"collection":[{"href":"https:\/\/www.itm.nrw\/en\/wp-json\/wp\/v2\/posts"}],"about":[{"href":"https:\/\/www.itm.nrw\/en\/wp-json\/wp\/v2\/types\/post"}],"author":[{"embeddable":true,"href":"https:\/\/www.itm.nrw\/en\/wp-json\/wp\/v2\/users\/7"}],"replies":[{"embeddable":true,"href":"https:\/\/www.itm.nrw\/en\/wp-json\/wp\/v2\/comments?post=23594"}],"version-history":[{"count":1,"href":"https:\/\/www.itm.nrw\/en\/wp-json\/wp\/v2\/posts\/23594\/revisions"}],"predecessor-version":[{"id":27171,"href":"https:\/\/www.itm.nrw\/en\/wp-json\/wp\/v2\/posts\/23594\/revisions\/27171"}],"wp:featuredmedia":[{"embeddable":true,"href":"https:\/\/www.itm.nrw\/en\/wp-json\/wp\/v2\/media\/23694"}],"wp:attachment":[{"href":"https:\/\/www.itm.nrw\/en\/wp-json\/wp\/v2\/media?parent=23594"}],"wp:term":[{"taxonomy":"category","embeddable":true,"href":"https:\/\/www.itm.nrw\/en\/wp-json\/wp\/v2\/categories?post=23594"},{"taxonomy":"post_tag","embeddable":true,"href":"https:\/\/www.itm.nrw\/en\/wp-json\/wp\/v2\/tags?post=23594"}],"curies":[{"name":"wp","href":"https:\/\/api.w.org\/{rel}","templated":true}]}}