{"id":23499,"date":"2022-01-26T17:09:49","date_gmt":"2022-01-26T16:09:49","guid":{"rendered":"https:\/\/www.itm.nrw\/2022\/01\/26\/podcast-on-armenian-copyright-law\/"},"modified":"2024-01-18T11:00:29","modified_gmt":"2024-01-18T10:00:29","slug":"jcast-einstieg-in-das-armenische-urheberrecht-mit-coco-aro","status":"publish","type":"post","link":"https:\/\/www.itm.nrw\/en\/jcast-einstieg-in-das-armenische-urheberrecht-mit-coco-aro\/","title":{"rendered":"J!Cast: Einstieg in das armenische Urheberrecht mit Coco Aro"},"content":{"rendered":"<p>In dieser neuen Folge des ITM-Podcasts spricht unser wissenschaftlicher Mitarbeiter Justin Rennert mit Coco Aro \u00fcber das armenische Urheberrecht. Coco, ein M\u00fcnsteraner Gymnasiast, hat am ITM in den vergangenen zwei Wochen ein Sch\u00fclerpraktikum absolviert. Er hat armenische Wurzeln und beherrscht die armenische Sprache. Aus diesem Grund hat er sich f\u00fcr seine Zeit am ITM das Ziel gesetzt, das armenische Urheberrecht mit dem deutschen Urheberrecht zu vergleichen. Die Ergebnisse seiner umfangreichen Recherche und ein kurzer Praktikumsbericht finden sich in der neuen Folge des ITM-Podcasts wieder. Wir sagen: Hut ab vor dieser Leistung! Das war ein Sch\u00fclerpraktikum auf ganz hohem Niveau. Eine Kurzzusammenfassung des Podcasts auf Armenisch findet sich ab Minute 19:50. Coco plant, nach seinem Abitur Jura zu studieren. Das Praktikum am ITM hat ihn in diesem Wunsch best\u00e4tigt. Wir freuen uns, Coco m\u00f6glicherweise in nicht allzu ferner Zukunft als Mitarbeiter an unserem Institut begr\u00fc\u00dfen zu d\u00fcrfen.<\/p>\n<p><iframe loading=\"lazy\" src=\"https:\/\/anchor.fm\/itm-muenster\/embed\/episodes\/Einstieg-in-das-armenische-Urheberrecht-mit-Coco-Aro-e1dg3rg\/a-a7a35ql\" width=\"100%\" height=\"102px\" frameborder=\"0\"><\/iframe><\/p>\n<p><a href=\"https:\/\/anchor.fm\/itm-muenster\/\" target=\"_blank\" rel=\"noopener\"><\/a><\/p>\n","protected":false},"excerpt":{"rendered":"<p>In dieser neuen Folge des ITM-Podcasts spricht unser wissenschaftlicher Mitarbeiter Justin Rennert mit Coco Aro \u00fcber das armenische Urheberrecht. Coco, ein M\u00fcnsteraner Gymnasiast, hat am ITM in den vergangenen zwei Wochen ein Sch\u00fclerpraktikum absolviert. Er hat armenische Wurzeln und beherrscht die armenische Sprache. Aus diesem Grund hat er sich f\u00fcr seine Zeit am ITM das [&#8230;]\n","protected":false},"author":52,"featured_media":26314,"comment_status":"closed","ping_status":"closed","sticky":false,"template":"","format":"standard","meta":{"_acf_changed":false,"footnotes":""},"categories":[1057,1074,1055],"tags":[],"class_list":["post-23499","post","type-post","status-publish","format-standard","has-post-thumbnail","hentry","category-jcast","category-podcast-urheberrecht-en","category-podcasts-en"],"acf":[],"_links":{"self":[{"href":"https:\/\/www.itm.nrw\/en\/wp-json\/wp\/v2\/posts\/23499","targetHints":{"allow":["GET"]}}],"collection":[{"href":"https:\/\/www.itm.nrw\/en\/wp-json\/wp\/v2\/posts"}],"about":[{"href":"https:\/\/www.itm.nrw\/en\/wp-json\/wp\/v2\/types\/post"}],"author":[{"embeddable":true,"href":"https:\/\/www.itm.nrw\/en\/wp-json\/wp\/v2\/users\/52"}],"replies":[{"embeddable":true,"href":"https:\/\/www.itm.nrw\/en\/wp-json\/wp\/v2\/comments?post=23499"}],"version-history":[{"count":1,"href":"https:\/\/www.itm.nrw\/en\/wp-json\/wp\/v2\/posts\/23499\/revisions"}],"predecessor-version":[{"id":27204,"href":"https:\/\/www.itm.nrw\/en\/wp-json\/wp\/v2\/posts\/23499\/revisions\/27204"}],"wp:featuredmedia":[{"embeddable":true,"href":"https:\/\/www.itm.nrw\/en\/wp-json\/wp\/v2\/media\/26314"}],"wp:attachment":[{"href":"https:\/\/www.itm.nrw\/en\/wp-json\/wp\/v2\/media?parent=23499"}],"wp:term":[{"taxonomy":"category","embeddable":true,"href":"https:\/\/www.itm.nrw\/en\/wp-json\/wp\/v2\/categories?post=23499"},{"taxonomy":"post_tag","embeddable":true,"href":"https:\/\/www.itm.nrw\/en\/wp-json\/wp\/v2\/tags?post=23499"}],"curies":[{"name":"wp","href":"https:\/\/api.w.org\/{rel}","templated":true}]}}