{"id":23483,"date":"2021-11-10T10:24:48","date_gmt":"2021-11-10T09:24:48","guid":{"rendered":"https:\/\/www.itm.nrw\/2021\/11\/10\/alumni-meeting-2021\/"},"modified":"2024-01-18T11:00:34","modified_gmt":"2024-01-18T10:00:34","slug":"ehemaligentreffen-am-itm-2021","status":"publish","type":"post","link":"https:\/\/www.itm.nrw\/en\/ehemaligentreffen-am-itm-2021\/","title":{"rendered":"Ehemaligentreffen am ITM 2021"},"content":{"rendered":"<p>Auf Einladung des Vereins zur F\u00f6rderung der zivilrechtlichen Abteilung des Instituts f\u00fcr Informations-, Telekommunikations- und Medienrecht fand am 06.11.2021 ein Ehemaligentreffen in den R\u00e4umlichkeiten des Instituts statt.<\/p>\n<p>Zu Beginn des Treffens gab Institutsdirektor Prof. Dr. Thomas Hoeren einen \u00dcberblick \u00fcber die aktuellen Entwicklungen in der zivilrechtlichen Abteilung des ITM. Es folgten Vortr\u00e4ge \u00fcber ein breites Themenspektrum von sowohl ehemaligen als auch aktuellen Mitarbeiter:innen des ITM.<!--more--><\/p>\n<p>So referierten Dr. Julia Dreyer, F\u00f6rderpreistr\u00e4gerin der Forschungsstelle f\u00fcr Gewerblichen Rechtsschutz 2020, \u00fcber \u201eDie florentinischen Drucker- und Autorenprivilegien gegen den Nachdruck\u201c und Yannik Borutta, Wissenschaftlicher Mitarbeiter, \u00fcber das Projekt \u201eRechtsinformationsstelle Digitale Hochschule\u201c. Julian Gro\u00dfe-Ophoff und Klaus Palenberg, Wissenschaftliche Mitarbeiter, stellten das am ITM neu angelaufene Projekt \u201eFAIR Data Spaces \u2013 Aufbau eines gemeinsamen Cloud-basierten Datenraums f\u00fcr Wirtschaft und Wissenschaft\u201c vor. Sodann gab Dr. Sebastian Seedorf interessante Einblicke in seine T\u00e4tigkeit als Datenschutzbeauftragter im Bundeskanzleramt. Tristan Julian Tillmann berichtete von seiner T\u00e4tigkeit im Landschaftsverband Westfalen-Lippe.<\/p>\n<p>Bei einem Mittagssnack tauschten sich die Ehemaligen untereinander und mit den aktuellen Mitarbeiter:innen des Instituts aus.<\/p>\n<p>W\u00e4hrend des Nachmittagsprogramms widmeten sich die Teilnehmerinnen und Teilnehmer mit einem Besuch des LWL-Museums f\u00fcr Kunst und Kultur den sch\u00f6nen K\u00fcnsten. Bei Kaffee und Kuchen im Caf\u00e9 Lux lie\u00df man den Tag ausklingen und tauschte aktuelle Erfahrungen und Anekdoten \u00fcber die Zeit am ITM aus.<\/p>\n<p>Das Ehemaligentreffen findet jedes Jahr im November statt. Mehr Informationen \u00fcber den F\u00f6rderverein finden Sie <a href=\"https:\/\/www.uni-muenster.de\/Jura.itm\/hoeren\/foerderverein\/\">hier<\/a>.<\/p>\n","protected":false},"excerpt":{"rendered":"<p>Auf Einladung des Vereins zur F\u00f6rderung der zivilrechtlichen Abteilung des Instituts f\u00fcr Informations-, Telekommunikations- und Medienrecht fand am 06.11.2021 ein Ehemaligentreffen in den R\u00e4umlichkeiten des Instituts statt. Zu Beginn des Treffens gab Institutsdirektor Prof. Dr. Thomas Hoeren einen \u00dcberblick \u00fcber die aktuellen Entwicklungen in der zivilrechtlichen Abteilung des ITM. Es folgten Vortr\u00e4ge \u00fcber ein breites [&#8230;]\n","protected":false},"author":32,"featured_media":23694,"comment_status":"closed","ping_status":"closed","sticky":false,"template":"","format":"standard","meta":{"_acf_changed":false,"footnotes":""},"categories":[1067],"tags":[],"class_list":["post-23483","post","type-post","status-publish","format-standard","has-post-thumbnail","hentry","category-general"],"acf":[],"_links":{"self":[{"href":"https:\/\/www.itm.nrw\/en\/wp-json\/wp\/v2\/posts\/23483","targetHints":{"allow":["GET"]}}],"collection":[{"href":"https:\/\/www.itm.nrw\/en\/wp-json\/wp\/v2\/posts"}],"about":[{"href":"https:\/\/www.itm.nrw\/en\/wp-json\/wp\/v2\/types\/post"}],"author":[{"embeddable":true,"href":"https:\/\/www.itm.nrw\/en\/wp-json\/wp\/v2\/users\/32"}],"replies":[{"embeddable":true,"href":"https:\/\/www.itm.nrw\/en\/wp-json\/wp\/v2\/comments?post=23483"}],"version-history":[{"count":1,"href":"https:\/\/www.itm.nrw\/en\/wp-json\/wp\/v2\/posts\/23483\/revisions"}],"predecessor-version":[{"id":27210,"href":"https:\/\/www.itm.nrw\/en\/wp-json\/wp\/v2\/posts\/23483\/revisions\/27210"}],"wp:featuredmedia":[{"embeddable":true,"href":"https:\/\/www.itm.nrw\/en\/wp-json\/wp\/v2\/media\/23694"}],"wp:attachment":[{"href":"https:\/\/www.itm.nrw\/en\/wp-json\/wp\/v2\/media?parent=23483"}],"wp:term":[{"taxonomy":"category","embeddable":true,"href":"https:\/\/www.itm.nrw\/en\/wp-json\/wp\/v2\/categories?post=23483"},{"taxonomy":"post_tag","embeddable":true,"href":"https:\/\/www.itm.nrw\/en\/wp-json\/wp\/v2\/tags?post=23483"}],"curies":[{"name":"wp","href":"https:\/\/api.w.org\/{rel}","templated":true}]}}