{"id":23431,"date":"2021-05-10T12:50:46","date_gmt":"2021-05-10T10:50:46","guid":{"rendered":"https:\/\/www.itm.nrw\/2021\/05\/10\/podcast-privacy-law-and-videoconferencing\/"},"modified":"2024-01-18T11:00:52","modified_gmt":"2024-01-18T10:00:52","slug":"jcast-videokonferenztools-und-datenschutz","status":"publish","type":"post","link":"https:\/\/www.itm.nrw\/en\/jcast-videokonferenztools-und-datenschutz\/","title":{"rendered":"J!Cast: Videokonferenztools und Datenschutz"},"content":{"rendered":"<p>In diesem neuen <strong>Podcast<\/strong> sprechen <strong>Maximilian Wellmann <\/strong>und <strong>Nicolas John <\/strong><strong>(Wissenschaftliche Mitarbeiter)<\/strong><strong>\u00a0<\/strong>\u00fcber die datenschutzrechtlichen Anforderungen an den Verantwortlichen bei der Auswahl, der Einrichtung und der Verwendung von Videokonferenztools. Denn sp\u00e4tenstens seit der Corona-Krise mussten viele Unternehmen ihre Kommunikation auf digitale Wege umstellen. Dabei sehen sich datenschutzrechtlich Verantwortliche oftmals zum ersten Mal mit der Technik und den Vorschriften der DS-GVO konfrontiert. Aber auch in Krisenzeiten sind die Vorgaben des Datenschutzes zu beachten, \u00fcber die dieser Podcast einen \u00dcberblick geben soll. Die in diesem J!Cast erw\u00e4hnten Beitr\u00e4ge aus der DuD finden sich <a href=\"https:\/\/rdcu.be\/b5Tlj\" target=\"_blank\" rel=\"noopener\">hier<\/a> und <a href=\"https:\/\/rdcu.be\/b6uvg\" target=\"_blank\" rel=\"noopener\">hier<\/a>.<\/p>\n<p><iframe loading=\"lazy\" src=\"https:\/\/anchor.fm\/itm-muenster\/embed\/episodes\/Videokonferenztools-und-Datenschutz-e140odr\/a-a5vcg00\" width=\"100%\" height=\"102px\" frameborder=\"0\"><span style=\"width: 0px;overflow: hidden;line-height: 0\" data-mce-type=\"bookmark\" class=\"mce_SELRES_start\">\ufeff<\/span><\/iframe>\u00a0<a href=\"https:\/\/anchor.fm\/itm-muenster\" target=\"_blank\" rel=\"noopener\"><\/a><\/p>\n<p>&nbsp;<\/p>\n","protected":false},"excerpt":{"rendered":"<p>In diesem neuen Podcast sprechen Maximilian Wellmann und Nicolas John (Wissenschaftliche Mitarbeiter)\u00a0\u00fcber die datenschutzrechtlichen Anforderungen an den Verantwortlichen bei der Auswahl, der Einrichtung und der Verwendung von Videokonferenztools. Denn sp\u00e4tenstens seit der Corona-Krise mussten viele Unternehmen ihre Kommunikation auf digitale Wege umstellen. Dabei sehen sich datenschutzrechtlich Verantwortliche oftmals zum ersten Mal mit der Technik und [&#8230;]\n","protected":false},"author":43,"featured_media":26314,"comment_status":"closed","ping_status":"closed","sticky":false,"template":"","format":"standard","meta":{"_acf_changed":false,"footnotes":""},"categories":[1057,1073,1058,1055],"tags":[],"class_list":["post-23431","post","type-post","status-publish","format-standard","has-post-thumbnail","hentry","category-jcast","category-podcast-it-recht-en","category-podcast-other","category-podcasts-en"],"acf":[],"_links":{"self":[{"href":"https:\/\/www.itm.nrw\/en\/wp-json\/wp\/v2\/posts\/23431","targetHints":{"allow":["GET"]}}],"collection":[{"href":"https:\/\/www.itm.nrw\/en\/wp-json\/wp\/v2\/posts"}],"about":[{"href":"https:\/\/www.itm.nrw\/en\/wp-json\/wp\/v2\/types\/post"}],"author":[{"embeddable":true,"href":"https:\/\/www.itm.nrw\/en\/wp-json\/wp\/v2\/users\/43"}],"replies":[{"embeddable":true,"href":"https:\/\/www.itm.nrw\/en\/wp-json\/wp\/v2\/comments?post=23431"}],"version-history":[{"count":1,"href":"https:\/\/www.itm.nrw\/en\/wp-json\/wp\/v2\/posts\/23431\/revisions"}],"predecessor-version":[{"id":27223,"href":"https:\/\/www.itm.nrw\/en\/wp-json\/wp\/v2\/posts\/23431\/revisions\/27223"}],"wp:featuredmedia":[{"embeddable":true,"href":"https:\/\/www.itm.nrw\/en\/wp-json\/wp\/v2\/media\/26314"}],"wp:attachment":[{"href":"https:\/\/www.itm.nrw\/en\/wp-json\/wp\/v2\/media?parent=23431"}],"wp:term":[{"taxonomy":"category","embeddable":true,"href":"https:\/\/www.itm.nrw\/en\/wp-json\/wp\/v2\/categories?post=23431"},{"taxonomy":"post_tag","embeddable":true,"href":"https:\/\/www.itm.nrw\/en\/wp-json\/wp\/v2\/tags?post=23431"}],"curies":[{"name":"wp","href":"https:\/\/api.w.org\/{rel}","templated":true}]}}