{"id":23115,"date":"2016-05-23T11:57:59","date_gmt":"2016-05-23T09:57:59","guid":{"rendered":"https:\/\/www.itm.nrw\/2016\/05\/23\/erfolgreicher-auftakt-der-abida-buergerkonferenzen-in-aachen\/"},"modified":"2016-05-23T11:57:59","modified_gmt":"2016-05-23T09:57:59","slug":"erfolgreicher-auftakt-der-abida-buergerkonferenzen-in-aachen","status":"publish","type":"post","link":"https:\/\/www.itm.nrw\/en\/erfolgreicher-auftakt-der-abida-buergerkonferenzen-in-aachen\/","title":{"rendered":"Erfolgreicher Auftakt der ABIDA-B\u00fcrgerkonferenzen in Aachen"},"content":{"rendered":"<figure id=\"attachment_10799\" aria-describedby=\"caption-attachment-10799\" style=\"width: 220px\" class=\"wp-caption alignright\"><img loading=\"lazy\" decoding=\"async\" class=\"wp-image-10799 size-medium\" src=\"http:\/\/www.uni-muenster.de\/Jura.itm\/hoeren\/itm\/wp-content\/uploads\/IMG_0372-220x164.jpg\" width=\"220\" height=\"164\" \/><figcaption id=\"caption-attachment-10799\" class=\"wp-caption-text\">B\u00fcrgerkonferenz in Aachen<\/figcaption><\/figure>\n<p>Am Samstag, den 21.05.2016, fand in Aachen die erste von insgesamt drei B\u00fcrgerkonferenzen des ABIDA-Projektes statt, an der auch das ITM beteiligt war.<\/p>\n<p>Eingeleitet wurde die Konferenz durch den Impulsvortrag des ABIDA-Co-Koordinators, Reinhard Heil, \u201eBig Data \u2013 Licht und Schatten\u201c. Das Herzst\u00fcck der Veranstaltung bildete die Arbeit in Kleingruppen zu den Themen \u201eVerantwortung des Einzelnen oder die Aufgabe des Staates\u201c, \u201eWer hat die Kontrolle? Wird unser Verhalten gesteuert?\u201c und \u201eWer entscheidet? Mensch oder Computer?\u201c, die sowohl Mitarbeiter des Projektpartners ITAS, als auch Mitarbeiter des ITM moderierten. Hier hatten die eingeladenen B\u00fcrger die Gelegenheit, eigene Erfahrungen und Ansichten zu schildern und intensiv zu diskutieren. Zum Abschluss der Veranstaltung wurden die in den Einzelgruppen erarbeiteten Ergebnisse vorgestellt.<\/p>\n<p>Ziel der B\u00fcrgerkonferenzen ist es, zu erfahren, welche Big Data-Themen eine repr\u00e4sentative Auswahl von B\u00fcrgern als besonders relevant erachtet und welche Chancen und Risiken sie in der stetig wachsenden Bedeutung von Big Data-Analysen und der fortschreitenden Technisierung sehen. Die Ergebnisse der Veranstaltung flie\u00dfen unmittelbar in die Projektarbeit von ABIDA ein \u2013 sie werden Impulse f\u00fcr anstehende Vertiefungsstudien und die Ausarbeitung von Szenarien geben.<\/p>\n<p>Die beiden weiteren B\u00fcrgerkonferenzen werden in Stralsund (18.06.2016) und Kempten (16.07.2016) stattfinden. Eine Gesamtdokumentation der drei Veranstaltungen und ihrer Ergebnisse wird im Herbst auf der ABIDA-Webseite ver\u00f6ffentlicht werden.<\/p>\n<figure id=\"attachment_10800\" aria-describedby=\"caption-attachment-10800\" style=\"width: 220px\" class=\"wp-caption alignright\"><img loading=\"lazy\" decoding=\"async\" class=\"wp-image-10800 size-medium\" src=\"http:\/\/www.uni-muenster.de\/Jura.itm\/hoeren\/itm\/wp-content\/uploads\/IMG_0373-220x164.jpg\" width=\"220\" height=\"164\" \/><figcaption id=\"caption-attachment-10800\" class=\"wp-caption-text\">B\u00fcrgerkonferenz in Aachen<\/figcaption><\/figure>\n","protected":false},"excerpt":{"rendered":"<p>Am Samstag, den 21.05.2016, fand in Aachen die erste von insgesamt drei B\u00fcrgerkonferenzen des ABIDA-Projektes statt, an der auch das ITM beteiligt war. Eingeleitet wurde die Konferenz durch den Impulsvortrag des ABIDA-Co-Koordinators, Reinhard Heil, \u201eBig Data \u2013 Licht und Schatten\u201c. Das Herzst\u00fcck der Veranstaltung bildete die Arbeit in Kleingruppen zu den Themen \u201eVerantwortung des Einzelnen [&#8230;]\n","protected":false},"author":22,"featured_media":23693,"comment_status":"closed","ping_status":"closed","sticky":false,"template":"","format":"standard","meta":{"_acf_changed":false,"footnotes":""},"categories":[],"tags":[],"class_list":["post-23115","post","type-post","status-publish","format-standard","has-post-thumbnail","hentry"],"acf":[],"_links":{"self":[{"href":"https:\/\/www.itm.nrw\/en\/wp-json\/wp\/v2\/posts\/23115","targetHints":{"allow":["GET"]}}],"collection":[{"href":"https:\/\/www.itm.nrw\/en\/wp-json\/wp\/v2\/posts"}],"about":[{"href":"https:\/\/www.itm.nrw\/en\/wp-json\/wp\/v2\/types\/post"}],"author":[{"embeddable":true,"href":"https:\/\/www.itm.nrw\/en\/wp-json\/wp\/v2\/users\/22"}],"replies":[{"embeddable":true,"href":"https:\/\/www.itm.nrw\/en\/wp-json\/wp\/v2\/comments?post=23115"}],"version-history":[{"count":0,"href":"https:\/\/www.itm.nrw\/en\/wp-json\/wp\/v2\/posts\/23115\/revisions"}],"wp:featuredmedia":[{"embeddable":true,"href":"https:\/\/www.itm.nrw\/en\/wp-json\/wp\/v2\/media\/23693"}],"wp:attachment":[{"href":"https:\/\/www.itm.nrw\/en\/wp-json\/wp\/v2\/media?parent=23115"}],"wp:term":[{"taxonomy":"category","embeddable":true,"href":"https:\/\/www.itm.nrw\/en\/wp-json\/wp\/v2\/categories?post=23115"},{"taxonomy":"post_tag","embeddable":true,"href":"https:\/\/www.itm.nrw\/en\/wp-json\/wp\/v2\/tags?post=23115"}],"curies":[{"name":"wp","href":"https:\/\/api.w.org\/{rel}","templated":true}]}}