{"id":22912,"date":"2010-02-19T13:28:37","date_gmt":"2010-02-19T12:28:37","guid":{"rendered":"https:\/\/www.itm.nrw\/2010\/02\/19\/jcast-78-der-fall-brender-das-zdf-und-die-staatsferne\/"},"modified":"2010-02-19T13:28:37","modified_gmt":"2010-02-19T12:28:37","slug":"jcast-78-der-fall-brender-das-zdf-und-die-staatsferne","status":"publish","type":"post","link":"https:\/\/www.itm.nrw\/en\/jcast-78-der-fall-brender-das-zdf-und-die-staatsferne\/","title":{"rendered":"J!Cast 78 Der Fall Brender &#8211; das ZDF und die Staatsferne"},"content":{"rendered":"<p>Konrad<br \/>\n    Adenauer hatte es ja immer so gewollt: Die<br \/>\n    Deutschland-Fernsehen GmbH als Fernsehen des Bundes. Dem hatte<br \/>\n    jedoch das Bundesverfassungsgericht einen Strich durch die<br \/>\n    Rechnung gemacht und die Gesetzgebungskompetenz f\u00fcr<br \/>\n    den Rundfunk alleine den L\u00e4ndern zugesprochen. Als<br \/>\n    Faktor und Medium der Meinungsbildung muss die<br \/>\n    Durchf\u00fchrung des Rundfunks aber staatsfrei<br \/>\n    organisiert sein. Durch die Entwicklung im Zusammenhang mit der<br \/>\n    so genannten \u201eCausa<br \/>\n    Brender\u201d kamen jedoch Zweifel an dieser<br \/>\n    Freiheit auf. Haben der Bund und die L\u00e4nder doch<br \/>\n    mehr Einfluss auf das ZDF als es das Grundgesetz eigentlich<br \/>\n    zul\u00e4sst? Zu dieser Thematik, einem<br \/>\n    Normenkontrollverfahren und m\u00f6glichen<br \/>\n    \u00c4nderungen des ZDF-Staatsvertrages spricht<br \/>\n    Christoph Golla mit Herrn Prof. Dr. Dieter D\u00f6rr,<br \/>\n    Direktor des Mainzer Medieninstitutes und Professor an der<br \/>\n    Johannes Gutenberg Universit\u00e4t Mainz.<\/p>\n","protected":false},"excerpt":{"rendered":"<p>Konrad Adenauer hatte es ja immer so gewollt: Die Deutschland-Fernsehen GmbH als Fernsehen des Bundes. Dem hatte jedoch das Bundesverfassungsgericht einen Strich durch die Rechnung gemacht und die Gesetzgebungskompetenz f\u00fcr den Rundfunk alleine den L\u00e4ndern zugesprochen. Als Faktor und Medium der Meinungsbildung muss die Durchf\u00fchrung des Rundfunks aber staatsfrei organisiert sein. Durch die Entwicklung im [&#8230;]\n","protected":false},"author":2,"featured_media":23693,"comment_status":"closed","ping_status":"closed","sticky":false,"template":"","format":"standard","meta":{"_acf_changed":false,"footnotes":""},"categories":[],"tags":[],"class_list":["post-22912","post","type-post","status-publish","format-standard","has-post-thumbnail","hentry"],"acf":[],"_links":{"self":[{"href":"https:\/\/www.itm.nrw\/en\/wp-json\/wp\/v2\/posts\/22912","targetHints":{"allow":["GET"]}}],"collection":[{"href":"https:\/\/www.itm.nrw\/en\/wp-json\/wp\/v2\/posts"}],"about":[{"href":"https:\/\/www.itm.nrw\/en\/wp-json\/wp\/v2\/types\/post"}],"author":[{"embeddable":true,"href":"https:\/\/www.itm.nrw\/en\/wp-json\/wp\/v2\/users\/2"}],"replies":[{"embeddable":true,"href":"https:\/\/www.itm.nrw\/en\/wp-json\/wp\/v2\/comments?post=22912"}],"version-history":[{"count":0,"href":"https:\/\/www.itm.nrw\/en\/wp-json\/wp\/v2\/posts\/22912\/revisions"}],"wp:featuredmedia":[{"embeddable":true,"href":"https:\/\/www.itm.nrw\/en\/wp-json\/wp\/v2\/media\/23693"}],"wp:attachment":[{"href":"https:\/\/www.itm.nrw\/en\/wp-json\/wp\/v2\/media?parent=22912"}],"wp:term":[{"taxonomy":"category","embeddable":true,"href":"https:\/\/www.itm.nrw\/en\/wp-json\/wp\/v2\/categories?post=22912"},{"taxonomy":"post_tag","embeddable":true,"href":"https:\/\/www.itm.nrw\/en\/wp-json\/wp\/v2\/tags?post=22912"}],"curies":[{"name":"wp","href":"https:\/\/api.w.org\/{rel}","templated":true}]}}