{"id":22877,"date":"2008-06-13T14:59:35","date_gmt":"2008-06-13T12:59:35","guid":{"rendered":"https:\/\/www.itm.nrw\/2008\/06\/13\/jcast-60-ambush-marketing-%e2%80%92-der-angriff-aus-dem-werbehinterhalt\/"},"modified":"2008-06-13T14:59:35","modified_gmt":"2008-06-13T13:59:35","slug":"jcast-60-ambush-marketing-%e2%80%92-der-angriff-aus-dem-werbehinterhalt","status":"publish","type":"post","link":"https:\/\/www.itm.nrw\/en\/jcast-60-ambush-marketing-%e2%80%92-der-angriff-aus-dem-werbehinterhalt\/","title":{"rendered":"J!Cast 60 \u201eAmbush    Marketing\u201d \u2012 der Angriff    aus dem (Werbe)Hinterhalt"},"content":{"rendered":"<p>Wer darf<br \/>\n    eigentlich mit dem Sport werben? Handelt es sich bei dem<br \/>\n    insbesondere im Rahmen gro\u00dfer Sportveranstaltungen &#8211;<br \/>\n    wie die derzeit in der Schweiz und \u00d6sterreich<br \/>\n    stattfindende Fu\u00dfball-Europameisterschaft &#8211;<br \/>\n    auftretenden Dauerph\u00e4nomen \u201eAmbush<br \/>\n    Marketing\u201d um ein rechtswidriges<br \/>\n    \u201eSchmarotzen\u201d fremder<br \/>\n    Leistungen zu Lasten der Veranstalter bzw. Sponsoren eines<br \/>\n    Sportevents? Oder ist es doch nur eine intelligente<br \/>\n    Werbestrategie im Rahmen des rechtlich Zul\u00e4ssigen?<br \/>\n    Gibt es de lege lata ausreichende<br \/>\n    Schutzm\u00f6glichkeiten f\u00fcr die Veranstalter<br \/>\n    und Sponsoren von Sportevents? Oder sollte etwa ein neues<br \/>\n    Leistungsschutzrecht speziell f\u00fcr<br \/>\n    Sportveranstaltungen geschaffen werden? Diesen und weiteren<br \/>\n    rechtlichen Fragestellungen rund um das Thema Ambush Marketing<br \/>\n    gehe ich mit meinem Gespr\u00e4chspartner RA Rainer Utz,<br \/>\n    wissenschaftlicher Mitarbeiter am Wilhelm Peter Radt<br \/>\n    Stiftungslehrstuhl f\u00fcr Gewerblichen Rechtsschutz,<br \/>\n    Internationales Privat- und Zivilprozessrecht an der<br \/>\n    Fernuniversit\u00e4t Hagen, auf den Grund.<\/p>\n","protected":false},"excerpt":{"rendered":"<p>Wer darf eigentlich mit dem Sport werben? Handelt es sich bei dem insbesondere im Rahmen gro\u00dfer Sportveranstaltungen &#8211; wie die derzeit in der Schweiz und \u00d6sterreich stattfindende Fu\u00dfball-Europameisterschaft &#8211; auftretenden Dauerph\u00e4nomen \u201eAmbush Marketing\u201d um ein rechtswidriges \u201eSchmarotzen\u201d fremder Leistungen zu Lasten der Veranstalter bzw. Sponsoren eines Sportevents? Oder ist es doch nur eine intelligente Werbestrategie [&#8230;]\n","protected":false},"author":2,"featured_media":23693,"comment_status":"closed","ping_status":"closed","sticky":false,"template":"","format":"standard","meta":{"_acf_changed":false,"footnotes":""},"categories":[],"tags":[],"class_list":["post-22877","post","type-post","status-publish","format-standard","has-post-thumbnail","hentry"],"acf":[],"_links":{"self":[{"href":"https:\/\/www.itm.nrw\/en\/wp-json\/wp\/v2\/posts\/22877","targetHints":{"allow":["GET"]}}],"collection":[{"href":"https:\/\/www.itm.nrw\/en\/wp-json\/wp\/v2\/posts"}],"about":[{"href":"https:\/\/www.itm.nrw\/en\/wp-json\/wp\/v2\/types\/post"}],"author":[{"embeddable":true,"href":"https:\/\/www.itm.nrw\/en\/wp-json\/wp\/v2\/users\/2"}],"replies":[{"embeddable":true,"href":"https:\/\/www.itm.nrw\/en\/wp-json\/wp\/v2\/comments?post=22877"}],"version-history":[{"count":0,"href":"https:\/\/www.itm.nrw\/en\/wp-json\/wp\/v2\/posts\/22877\/revisions"}],"wp:featuredmedia":[{"embeddable":true,"href":"https:\/\/www.itm.nrw\/en\/wp-json\/wp\/v2\/media\/23693"}],"wp:attachment":[{"href":"https:\/\/www.itm.nrw\/en\/wp-json\/wp\/v2\/media?parent=22877"}],"wp:term":[{"taxonomy":"category","embeddable":true,"href":"https:\/\/www.itm.nrw\/en\/wp-json\/wp\/v2\/categories?post=22877"},{"taxonomy":"post_tag","embeddable":true,"href":"https:\/\/www.itm.nrw\/en\/wp-json\/wp\/v2\/tags?post=22877"}],"curies":[{"name":"wp","href":"https:\/\/api.w.org\/{rel}","templated":true}]}}