{"id":22873,"date":"2008-05-16T22:47:34","date_gmt":"2008-05-16T20:47:34","guid":{"rendered":"https:\/\/www.itm.nrw\/2008\/05\/16\/jcast-58-medienrechte-fuer-hartplatzhelden\/"},"modified":"2008-05-16T22:47:34","modified_gmt":"2008-05-16T21:47:34","slug":"jcast-58-medienrechte-fuer-hartplatzhelden","status":"publish","type":"post","link":"https:\/\/www.itm.nrw\/en\/jcast-58-medienrechte-fuer-hartplatzhelden\/","title":{"rendered":"J!Cast 58 Medienrechte f\u00fcr    Hartplatzhelden"},"content":{"rendered":"<p>Die<br \/>\n    &#8220;Hartplatzhelden&#8221; betreiben eine Art Youtube<br \/>\n    f\u00fcr Amateurfussballer &#8211; Videos mit den aufregendsten<br \/>\n    Szenen vom Fu\u00dfballplatz nebenan k\u00f6nnen<br \/>\n    hier hochgeladen und bewertet werden. &#8211; Noch, denn der<br \/>\n    W\u00fcrttembergische Landesverband des DFB hat vor dem<br \/>\n    LG Stuttgart hiergegen ein Unterlassungsurteil erwirkt, dass<br \/>\n    allerdings nicht rechtskr\u00e4ftig ist &#8211; es wird eine<br \/>\n    Berufung geben. Dabei st\u00fctzt sich der Verband auf<br \/>\n    seine Veranstalterrechte. Doch was genau hat es damit<br \/>\n    eigentlich auf sich? Und wer ist \u00fcberhaupt<br \/>\n    Veranstalter? Nat\u00fcrlich sind diese Fragen nicht ganz<br \/>\n    neu und dort, wo es um das ganz gro\u00dfe Geld geht auch<br \/>\n    schon ausgefochten. Neben vielen Antworten und Einblicken in<br \/>\n    das Sportrecht erl\u00e4utert mein Gast, der Basketball<br \/>\n    spielende Rechtsanwalt Dr. Martin Schimke, Partner in der<br \/>\n    Kanzlei Bird &#038; Bird D\u00fcsseldorf, wie die<br \/>\n    EU-Kommission die gro\u00dfen Ligen bereits<br \/>\n    gema\u00dfregelt hat. Neben den rein wirtschaftlichen<br \/>\n    Interessen werfen wir auch einen Blick auf Gegengewichte wie<br \/>\n    die Rundfunk- oder Informationsfreiheit und vermuten, dass<br \/>\n    Veranstalterrechte in Zukunft auch f\u00fcr den<br \/>\n    Hobbyfilmer eine nicht unbedeutende Rolle spielen<br \/>\n    werden.<\/p>\n","protected":false},"excerpt":{"rendered":"<p>Die &#8220;Hartplatzhelden&#8221; betreiben eine Art Youtube f\u00fcr Amateurfussballer &#8211; Videos mit den aufregendsten Szenen vom Fu\u00dfballplatz nebenan k\u00f6nnen hier hochgeladen und bewertet werden. &#8211; Noch, denn der W\u00fcrttembergische Landesverband des DFB hat vor dem LG Stuttgart hiergegen ein Unterlassungsurteil erwirkt, dass allerdings nicht rechtskr\u00e4ftig ist &#8211; es wird eine Berufung geben. Dabei st\u00fctzt sich der [&#8230;]\n","protected":false},"author":2,"featured_media":23693,"comment_status":"closed","ping_status":"closed","sticky":false,"template":"","format":"standard","meta":{"_acf_changed":false,"footnotes":""},"categories":[],"tags":[],"class_list":["post-22873","post","type-post","status-publish","format-standard","has-post-thumbnail","hentry"],"acf":[],"_links":{"self":[{"href":"https:\/\/www.itm.nrw\/en\/wp-json\/wp\/v2\/posts\/22873","targetHints":{"allow":["GET"]}}],"collection":[{"href":"https:\/\/www.itm.nrw\/en\/wp-json\/wp\/v2\/posts"}],"about":[{"href":"https:\/\/www.itm.nrw\/en\/wp-json\/wp\/v2\/types\/post"}],"author":[{"embeddable":true,"href":"https:\/\/www.itm.nrw\/en\/wp-json\/wp\/v2\/users\/2"}],"replies":[{"embeddable":true,"href":"https:\/\/www.itm.nrw\/en\/wp-json\/wp\/v2\/comments?post=22873"}],"version-history":[{"count":0,"href":"https:\/\/www.itm.nrw\/en\/wp-json\/wp\/v2\/posts\/22873\/revisions"}],"wp:featuredmedia":[{"embeddable":true,"href":"https:\/\/www.itm.nrw\/en\/wp-json\/wp\/v2\/media\/23693"}],"wp:attachment":[{"href":"https:\/\/www.itm.nrw\/en\/wp-json\/wp\/v2\/media?parent=22873"}],"wp:term":[{"taxonomy":"category","embeddable":true,"href":"https:\/\/www.itm.nrw\/en\/wp-json\/wp\/v2\/categories?post=22873"},{"taxonomy":"post_tag","embeddable":true,"href":"https:\/\/www.itm.nrw\/en\/wp-json\/wp\/v2\/tags?post=22873"}],"curies":[{"name":"wp","href":"https:\/\/api.w.org\/{rel}","templated":true}]}}