{"id":22869,"date":"2008-04-18T08:22:57","date_gmt":"2008-04-18T06:22:57","guid":{"rendered":"https:\/\/www.itm.nrw\/2008\/04\/18\/jcast-56-medizinische-daten\/"},"modified":"2008-04-18T08:22:57","modified_gmt":"2008-04-18T07:22:57","slug":"jcast-56-medizinische-daten","status":"publish","type":"post","link":"https:\/\/www.itm.nrw\/en\/jcast-56-medizinische-daten\/","title":{"rendered":"J!Cast 56 Medizinische Daten"},"content":{"rendered":"<p>\u201e\u00e2\u20ac\u00a6m\u00f6chten wir<br \/>\n    Sie daher bitten, uns in den n\u00e4chsten Wochen ein<br \/>\n    Passbild von Ihnen zukommen zu lassen.\u201d &#8211; so<br \/>\n    oder so \u00e4hnlich schreiben derzeit deutsche<br \/>\n    Krankenkassen ihre Mitglieder an, um die Umsetzung eines der<br \/>\n    umstrittensten gesundheitsrechtlichen Projekte der letzten<br \/>\n    Jahre vorzubereiten: Die elektronische Gesundheitskarte, kurz<br \/>\n    eGK. Ihre fl\u00e4chendeckende Einf\u00fchrung ist<br \/>\n    f\u00fcr 2008 geplant, und nicht erst seit dem<br \/>\n    entsprechenden Gesetzesvorhaben sind der Nutzen und die Risiken<br \/>\n    der Karte umstritten &#8211; f\u00fcr das<br \/>\n    Bundesgesundheitsministerium ist sie \u201eein<br \/>\n    wichtiger Schritt zu mehr Selbstbestimmung<br \/>\n    (\u00e2\u20ac\u00a6) sowie f\u00fcr mehr<br \/>\n    Qualit\u00e4t und Wirtschaftlichkeit\u201d,<br \/>\n    Datenschutzorganisationen und<br \/>\n    \u00c4rzteverb\u00e4nde sorgen sich hingegen um<br \/>\n    die k\u00fcnftige Sicherheit medizinischer Daten.<br \/>\n    \u00dcber die Idee der elektronischen Gesundheitskarte,<br \/>\n    \u00fcber Vorsichtsma\u00dfnahmen zum Schutz von<br \/>\n    Informationen \u00fcber Gesundheit,<br \/>\n    Leistungsf\u00e4higkeit und vielleicht sogar Lebensdauer,<br \/>\n    sowie \u00fcber die Bedeutung medizinischer Daten<br \/>\n    f\u00fcr den Alltag eines jeden spricht Jana Semrau mit<br \/>\n    Prof. Dr. Wolfgang Kilian (Link:<br \/>\n    http:\/\/www.iri.uni-hannover.de\/kilian.html). Der seit kurzem<br \/>\n    emeritierte Professor der Leibniz Universit\u00e4t<br \/>\n    Hannover leitete fast 30 Jahre lang das von ihm<br \/>\n    gegr\u00fcndete Institut f\u00fcr Rechtsinformatik<br \/>\n    und ist ein Experte zum Datenschutz, vor allem wenn es um<br \/>\n    Probleme des elektronischen Datenverkehrs geht.<\/p>\n","protected":false},"excerpt":{"rendered":"<p>\u201e\u00e2\u20ac\u00a6m\u00f6chten wir Sie daher bitten, uns in den n\u00e4chsten Wochen ein Passbild von Ihnen zukommen zu lassen.\u201d &#8211; so oder so \u00e4hnlich schreiben derzeit deutsche Krankenkassen ihre Mitglieder an, um die Umsetzung eines der umstrittensten gesundheitsrechtlichen Projekte der letzten Jahre vorzubereiten: Die elektronische Gesundheitskarte, kurz eGK. Ihre fl\u00e4chendeckende Einf\u00fchrung ist f\u00fcr 2008 geplant, und nicht [&#8230;]\n","protected":false},"author":2,"featured_media":23693,"comment_status":"closed","ping_status":"closed","sticky":false,"template":"","format":"standard","meta":{"_acf_changed":false,"footnotes":""},"categories":[],"tags":[],"class_list":["post-22869","post","type-post","status-publish","format-standard","has-post-thumbnail","hentry"],"acf":[],"_links":{"self":[{"href":"https:\/\/www.itm.nrw\/en\/wp-json\/wp\/v2\/posts\/22869","targetHints":{"allow":["GET"]}}],"collection":[{"href":"https:\/\/www.itm.nrw\/en\/wp-json\/wp\/v2\/posts"}],"about":[{"href":"https:\/\/www.itm.nrw\/en\/wp-json\/wp\/v2\/types\/post"}],"author":[{"embeddable":true,"href":"https:\/\/www.itm.nrw\/en\/wp-json\/wp\/v2\/users\/2"}],"replies":[{"embeddable":true,"href":"https:\/\/www.itm.nrw\/en\/wp-json\/wp\/v2\/comments?post=22869"}],"version-history":[{"count":0,"href":"https:\/\/www.itm.nrw\/en\/wp-json\/wp\/v2\/posts\/22869\/revisions"}],"wp:featuredmedia":[{"embeddable":true,"href":"https:\/\/www.itm.nrw\/en\/wp-json\/wp\/v2\/media\/23693"}],"wp:attachment":[{"href":"https:\/\/www.itm.nrw\/en\/wp-json\/wp\/v2\/media?parent=22869"}],"wp:term":[{"taxonomy":"category","embeddable":true,"href":"https:\/\/www.itm.nrw\/en\/wp-json\/wp\/v2\/categories?post=22869"},{"taxonomy":"post_tag","embeddable":true,"href":"https:\/\/www.itm.nrw\/en\/wp-json\/wp\/v2\/tags?post=22869"}],"curies":[{"name":"wp","href":"https:\/\/api.w.org\/{rel}","templated":true}]}}