{"id":22863,"date":"2008-03-07T16:41:15","date_gmt":"2008-03-07T15:41:15","guid":{"rendered":"https:\/\/www.itm.nrw\/2008\/03\/07\/jcast-53-und-ploetzlich-waren-sich-alle-einig-das-bundesverfassungsgerichtsurteil-zur-online-durchsuchung\/"},"modified":"2008-03-07T16:41:15","modified_gmt":"2008-03-07T15:41:15","slug":"jcast-53-und-ploetzlich-waren-sich-alle-einig-das-bundesverfassungsgerichtsurteil-zur-online-durchsuchung","status":"publish","type":"post","link":"https:\/\/www.itm.nrw\/en\/jcast-53-und-ploetzlich-waren-sich-alle-einig-das-bundesverfassungsgerichtsurteil-zur-online-durchsuchung\/","title":{"rendered":"J!Cast 53 Und pl\u00f6tzlich waren sich alle    einig: Das Bundesverfassungsgerichtsurteil zur    Online-Durchsuchung"},"content":{"rendered":"<p>Datensch\u00fctzer, Verfassungsrechtler, Politiker aller<br \/>\n    Parteien, Bundesinnenminister Wolfgang Sch\u00e4uble<br \/>\n    \u2012 selten hat man sie in der letzten Zeit in<br \/>\n    dieser Eintracht erlebt. Doch als das Bundesverfassungsgericht<br \/>\n    am 27. Februar 2008 die nordrhein-westf\u00e4lische<br \/>\n    Erm\u00e4chtigungsgrundlage f\u00fcr die so<br \/>\n    genannte Online-Durchsuchung f\u00fcr nichtig<br \/>\n    erkl\u00e4rte und seine Entscheidung auf ein neues<br \/>\n    \u201eComputer-Grundrecht\u201d<br \/>\n    st\u00fctzte, waren die Meinungen durchweg positiv, von<br \/>\n    einem \u201eGeniestreich\u201d und<br \/>\n    \u201eMeilenstein\u201d war die Rede.<br \/>\n    Wie diese seltene \u00dcbereinstimmung zu<br \/>\n    erkl\u00e4ren ist, warum das<br \/>\n    \u201eGrundrecht auf Vertraulichkeit und<br \/>\n    Integrit\u00e4t informationstechnischer<br \/>\n    Systeme\u201d notwendig war und inwiefern sich aus<br \/>\n    dem Urteil zur Online-Durchsuchung eine Prognose auf die<br \/>\n    baldige Entscheidung \u00fcber die<br \/>\n    Vorratsdatenspeicherung wagen l\u00e4sst,<br \/>\n    dar\u00fcber spricht Jana Semrau mit Prof. Dr. Alfred<br \/>\n    B\u00fcllesbach. Er war unter anderem Landesbeauftragter<br \/>\n    f\u00fcr Datenschutz in Bremen und in dieser Funktion<br \/>\n    bereits in das Verfahren vor dem Bundesverfassungsgericht<br \/>\n    involviert, das nun als Grundlage f\u00fcr die aktuelle<br \/>\n    Entscheidung diente: Das Volksz\u00e4hlungsurteil aus dem<br \/>\n    Jahre 1983.<\/p>\n","protected":false},"excerpt":{"rendered":"<p>Datensch\u00fctzer, Verfassungsrechtler, Politiker aller Parteien, Bundesinnenminister Wolfgang Sch\u00e4uble \u2012 selten hat man sie in der letzten Zeit in dieser Eintracht erlebt. Doch als das Bundesverfassungsgericht am 27. Februar 2008 die nordrhein-westf\u00e4lische Erm\u00e4chtigungsgrundlage f\u00fcr die so genannte Online-Durchsuchung f\u00fcr nichtig erkl\u00e4rte und seine Entscheidung auf ein neues \u201eComputer-Grundrecht\u201d st\u00fctzte, waren die Meinungen durchweg positiv, von einem [&#8230;]\n","protected":false},"author":2,"featured_media":23693,"comment_status":"closed","ping_status":"closed","sticky":false,"template":"","format":"standard","meta":{"_acf_changed":false,"footnotes":""},"categories":[],"tags":[],"class_list":["post-22863","post","type-post","status-publish","format-standard","has-post-thumbnail","hentry"],"acf":[],"_links":{"self":[{"href":"https:\/\/www.itm.nrw\/en\/wp-json\/wp\/v2\/posts\/22863","targetHints":{"allow":["GET"]}}],"collection":[{"href":"https:\/\/www.itm.nrw\/en\/wp-json\/wp\/v2\/posts"}],"about":[{"href":"https:\/\/www.itm.nrw\/en\/wp-json\/wp\/v2\/types\/post"}],"author":[{"embeddable":true,"href":"https:\/\/www.itm.nrw\/en\/wp-json\/wp\/v2\/users\/2"}],"replies":[{"embeddable":true,"href":"https:\/\/www.itm.nrw\/en\/wp-json\/wp\/v2\/comments?post=22863"}],"version-history":[{"count":0,"href":"https:\/\/www.itm.nrw\/en\/wp-json\/wp\/v2\/posts\/22863\/revisions"}],"wp:featuredmedia":[{"embeddable":true,"href":"https:\/\/www.itm.nrw\/en\/wp-json\/wp\/v2\/media\/23693"}],"wp:attachment":[{"href":"https:\/\/www.itm.nrw\/en\/wp-json\/wp\/v2\/media?parent=22863"}],"wp:term":[{"taxonomy":"category","embeddable":true,"href":"https:\/\/www.itm.nrw\/en\/wp-json\/wp\/v2\/categories?post=22863"},{"taxonomy":"post_tag","embeddable":true,"href":"https:\/\/www.itm.nrw\/en\/wp-json\/wp\/v2\/tags?post=22863"}],"curies":[{"name":"wp","href":"https:\/\/api.w.org\/{rel}","templated":true}]}}