{"id":22861,"date":"2008-02-22T19:59:36","date_gmt":"2008-02-22T18:59:36","guid":{"rendered":"https:\/\/www.itm.nrw\/2008\/02\/22\/jcast-52-grundrechte-in-europa\/"},"modified":"2008-02-22T19:59:36","modified_gmt":"2008-02-22T18:59:36","slug":"jcast-52-grundrechte-in-europa","status":"publish","type":"post","link":"https:\/\/www.itm.nrw\/en\/jcast-52-grundrechte-in-europa\/","title":{"rendered":"J!Cast 52 Grundrechte in Europa"},"content":{"rendered":"<p>Der Fall,<br \/>\n    in dem ein Musikrechteinhaber die pers\u00f6nlichen Daten<br \/>\n    eines Filesharers ergattern m\u00f6chte, ist nicht neu.<br \/>\n    Nun war hiermit aber sogar der EuGH befasst und entschied, dass<br \/>\n    auch der effektive Schutz geistigen Eigentums das Recht auf<br \/>\n    informationelle Selbstbestimmung nicht<br \/>\n    \u00fcberm\u00e4\u00dfig<br \/>\n    einschr\u00e4nken d\u00fcrfe. Die Filesharer-Daten<br \/>\n    bekamen die spanischen Rechteinhaber deshalb nicht. Damit legte<br \/>\n    der EuGH aber nicht einfach nur Richtlinien aus, wie wir es<br \/>\n    zun\u00e4chst von ihm gewohnt sind, sondern er<br \/>\n    pr\u00fcfte auch Grundrechte und w\u00e4gte diese<br \/>\n    gegeneinander ab. Doch woher nimmt der EuGH Grundrechte?<br \/>\n    Schlie\u00dflich hat die EU doch noch nicht einmal eine<br \/>\n    Verfassung&#8230; Welche Rolle EMRK, die Grundrechte-Charta und<br \/>\n    nationale Grundrechte auf europ\u00e4ischer Ebene spielen<br \/>\n    und wie der EuGH damit umgeht, erfuhr Laura Dierking im<br \/>\n    Gespr\u00e4ch mit Dr. Katrin Neukamm. Offen blieb dabei,<br \/>\n    ob der EuGH nun m\u00f6glicherweise auch im Fall der<br \/>\n    Vorratsdatenspeicherung entsprechendes Gewicht auf ein<br \/>\n    Grundrecht der informationellen Selbstbestimmung legen<br \/>\n    w\u00fcrde. Egal scheint es ihm zumindest nicht zu<br \/>\n    sein&#8230;<\/p>\n","protected":false},"excerpt":{"rendered":"<p>Der Fall, in dem ein Musikrechteinhaber die pers\u00f6nlichen Daten eines Filesharers ergattern m\u00f6chte, ist nicht neu. Nun war hiermit aber sogar der EuGH befasst und entschied, dass auch der effektive Schutz geistigen Eigentums das Recht auf informationelle Selbstbestimmung nicht \u00fcberm\u00e4\u00dfig einschr\u00e4nken d\u00fcrfe. Die Filesharer-Daten bekamen die spanischen Rechteinhaber deshalb nicht. Damit legte der EuGH aber [&#8230;]\n","protected":false},"author":2,"featured_media":23693,"comment_status":"closed","ping_status":"closed","sticky":false,"template":"","format":"standard","meta":{"_acf_changed":false,"footnotes":""},"categories":[],"tags":[],"class_list":["post-22861","post","type-post","status-publish","format-standard","has-post-thumbnail","hentry"],"acf":[],"_links":{"self":[{"href":"https:\/\/www.itm.nrw\/en\/wp-json\/wp\/v2\/posts\/22861","targetHints":{"allow":["GET"]}}],"collection":[{"href":"https:\/\/www.itm.nrw\/en\/wp-json\/wp\/v2\/posts"}],"about":[{"href":"https:\/\/www.itm.nrw\/en\/wp-json\/wp\/v2\/types\/post"}],"author":[{"embeddable":true,"href":"https:\/\/www.itm.nrw\/en\/wp-json\/wp\/v2\/users\/2"}],"replies":[{"embeddable":true,"href":"https:\/\/www.itm.nrw\/en\/wp-json\/wp\/v2\/comments?post=22861"}],"version-history":[{"count":0,"href":"https:\/\/www.itm.nrw\/en\/wp-json\/wp\/v2\/posts\/22861\/revisions"}],"wp:featuredmedia":[{"embeddable":true,"href":"https:\/\/www.itm.nrw\/en\/wp-json\/wp\/v2\/media\/23693"}],"wp:attachment":[{"href":"https:\/\/www.itm.nrw\/en\/wp-json\/wp\/v2\/media?parent=22861"}],"wp:term":[{"taxonomy":"category","embeddable":true,"href":"https:\/\/www.itm.nrw\/en\/wp-json\/wp\/v2\/categories?post=22861"},{"taxonomy":"post_tag","embeddable":true,"href":"https:\/\/www.itm.nrw\/en\/wp-json\/wp\/v2\/tags?post=22861"}],"curies":[{"name":"wp","href":"https:\/\/api.w.org\/{rel}","templated":true}]}}