{"id":22851,"date":"2007-12-14T16:33:31","date_gmt":"2007-12-14T15:33:31","guid":{"rendered":"https:\/\/www.itm.nrw\/2007\/12\/14\/jcast-47-kunst-oder-faelschung-die-strafbarkeit-von-kunstfaelschungen\/"},"modified":"2007-12-14T16:33:31","modified_gmt":"2007-12-14T15:33:31","slug":"jcast-47-kunst-oder-faelschung-die-strafbarkeit-von-kunstfaelschungen","status":"publish","type":"post","link":"https:\/\/www.itm.nrw\/en\/jcast-47-kunst-oder-faelschung-die-strafbarkeit-von-kunstfaelschungen\/","title":{"rendered":"J!Cast 47 Kunst oder F\u00e4lschung &#8211; Die Strafbarkeit von Kunstf\u00e4lschungen"},"content":{"rendered":"<p>Das<br \/>\n    Graphikmuseum Pablo Picasso in M\u00fcnster zeigt in<br \/>\n    seiner aktuellen Ausstellung Kunstf\u00e4lschungen, die<br \/>\n    sonst in der Asservatenkammer des Landeskriminalamts<br \/>\n    Baden-W\u00fcrttemberg unter Verschluss gehalten werden.<br \/>\n    Anlass genug f\u00fcr den J!Cast, die Strafbarkeit von<br \/>\n    Kunstf\u00e4lschungen genauer unter die Lupe zu nehmen.<br \/>\n    Rechtsanwalt Thomas Ernstschneider, ehemaliger Mitarbeiter am<br \/>\n    ITM, betrachtet mit dem neuen J!Cast-Team die strafrechtlichen<br \/>\n    Aspekte des Kopierens von Kunstwerken, des Anbringens von<br \/>\n    K\u00fcnstlersignaturen und des Verkaufs von<br \/>\n    F\u00e4lschungen. Passend zum Thema erfolgt an dieser<br \/>\n    Stelle der Hinweis, dass es sich vorliegend nicht um eine<br \/>\n    F\u00e4lschung des J!Casts handelt, wie man aufgrund der<br \/>\n    fremden fragenden Stimmen vermuten k\u00f6nnte! Vielmehr<br \/>\n    wurde das J!cast Team erweitert, so dass nun neben Laura<br \/>\n    Dierking auch Eva Schr\u00f6der und Jana Semrau, beide<br \/>\n    wissenschaftliche Mitarbeiterinnen am ITM, kontroversen Themen<br \/>\n    investigativ nachgehen werden.<\/p>\n","protected":false},"excerpt":{"rendered":"<p>Das Graphikmuseum Pablo Picasso in M\u00fcnster zeigt in seiner aktuellen Ausstellung Kunstf\u00e4lschungen, die sonst in der Asservatenkammer des Landeskriminalamts Baden-W\u00fcrttemberg unter Verschluss gehalten werden. Anlass genug f\u00fcr den J!Cast, die Strafbarkeit von Kunstf\u00e4lschungen genauer unter die Lupe zu nehmen. Rechtsanwalt Thomas Ernstschneider, ehemaliger Mitarbeiter am ITM, betrachtet mit dem neuen J!Cast-Team die strafrechtlichen Aspekte des [&#8230;]\n","protected":false},"author":2,"featured_media":23693,"comment_status":"closed","ping_status":"closed","sticky":false,"template":"","format":"standard","meta":{"_acf_changed":false,"footnotes":""},"categories":[],"tags":[],"class_list":["post-22851","post","type-post","status-publish","format-standard","has-post-thumbnail","hentry"],"acf":[],"_links":{"self":[{"href":"https:\/\/www.itm.nrw\/en\/wp-json\/wp\/v2\/posts\/22851","targetHints":{"allow":["GET"]}}],"collection":[{"href":"https:\/\/www.itm.nrw\/en\/wp-json\/wp\/v2\/posts"}],"about":[{"href":"https:\/\/www.itm.nrw\/en\/wp-json\/wp\/v2\/types\/post"}],"author":[{"embeddable":true,"href":"https:\/\/www.itm.nrw\/en\/wp-json\/wp\/v2\/users\/2"}],"replies":[{"embeddable":true,"href":"https:\/\/www.itm.nrw\/en\/wp-json\/wp\/v2\/comments?post=22851"}],"version-history":[{"count":0,"href":"https:\/\/www.itm.nrw\/en\/wp-json\/wp\/v2\/posts\/22851\/revisions"}],"wp:featuredmedia":[{"embeddable":true,"href":"https:\/\/www.itm.nrw\/en\/wp-json\/wp\/v2\/media\/23693"}],"wp:attachment":[{"href":"https:\/\/www.itm.nrw\/en\/wp-json\/wp\/v2\/media?parent=22851"}],"wp:term":[{"taxonomy":"category","embeddable":true,"href":"https:\/\/www.itm.nrw\/en\/wp-json\/wp\/v2\/categories?post=22851"},{"taxonomy":"post_tag","embeddable":true,"href":"https:\/\/www.itm.nrw\/en\/wp-json\/wp\/v2\/tags?post=22851"}],"curies":[{"name":"wp","href":"https:\/\/api.w.org\/{rel}","templated":true}]}}