{"id":22817,"date":"2007-08-24T18:07:16","date_gmt":"2007-08-24T16:07:16","guid":{"rendered":"https:\/\/www.itm.nrw\/2007\/08\/24\/jcast-40-filesharer-im-visier-der-musikindustrie\/"},"modified":"2007-08-24T18:07:16","modified_gmt":"2007-08-24T17:07:16","slug":"jcast-40-filesharer-im-visier-der-musikindustrie","status":"publish","type":"post","link":"https:\/\/www.itm.nrw\/en\/jcast-40-filesharer-im-visier-der-musikindustrie\/","title":{"rendered":"J!Cast 40 Filesharer im Visier der Musikindustrie"},"content":{"rendered":"<p>Wenn die<br \/>\n    Musikindustrie gegen Filesharer vorgehen m\u00f6chte,<br \/>\n    l\u00e4uft das in aller Regel \u00fcber eine<br \/>\n    Strafanzeige. Die Staatsanwaltschaft ermittelt dann<br \/>\n    \u00fcber die IP-Adresse, wer hinter dem Angebot auf<br \/>\n    einer Peer-to-peer-Plattform steht, \u00fcber eine<br \/>\n    Akteneinsicht kommen dann die Rechteinhaber an Namen und<br \/>\n    Adressen. Erstmals hat jetzt ein Gericht diese Praxis in die<br \/>\n    Schranken gewiesen und die Ermittlung des Namens und der<br \/>\n    Adresse bei nur 2 angebotenen Musikst\u00fccken<br \/>\n    f\u00fcr<br \/>\n    unverh\u00e4ltnism\u00e4\u00dfig<br \/>\n    erkl\u00e4rt. \u00dcber Filesharer, die ins Visier<br \/>\n    der Musikindustrie geraten sind, \u00fcber deren<br \/>\n    Rechtsverteidigung und \u00fcber die erwarteten<br \/>\n    \u00c4nderungen mit Umsetzung der Enforcement-Richtlinie<br \/>\n    habe ich mit Christian Solmecke, LL.M. gesprochen, der als<br \/>\n    Rechtsanwalt in der Kanzlei Wilde &#038; Beuger<br \/>\n    entsprechende F\u00e4lle betreut.<\/p>\n","protected":false},"excerpt":{"rendered":"<p>Wenn die Musikindustrie gegen Filesharer vorgehen m\u00f6chte, l\u00e4uft das in aller Regel \u00fcber eine Strafanzeige. Die Staatsanwaltschaft ermittelt dann \u00fcber die IP-Adresse, wer hinter dem Angebot auf einer Peer-to-peer-Plattform steht, \u00fcber eine Akteneinsicht kommen dann die Rechteinhaber an Namen und Adressen. Erstmals hat jetzt ein Gericht diese Praxis in die Schranken gewiesen und die Ermittlung [&#8230;]\n","protected":false},"author":2,"featured_media":23693,"comment_status":"closed","ping_status":"closed","sticky":false,"template":"","format":"standard","meta":{"_acf_changed":false,"footnotes":""},"categories":[],"tags":[],"class_list":["post-22817","post","type-post","status-publish","format-standard","has-post-thumbnail","hentry"],"acf":[],"_links":{"self":[{"href":"https:\/\/www.itm.nrw\/en\/wp-json\/wp\/v2\/posts\/22817","targetHints":{"allow":["GET"]}}],"collection":[{"href":"https:\/\/www.itm.nrw\/en\/wp-json\/wp\/v2\/posts"}],"about":[{"href":"https:\/\/www.itm.nrw\/en\/wp-json\/wp\/v2\/types\/post"}],"author":[{"embeddable":true,"href":"https:\/\/www.itm.nrw\/en\/wp-json\/wp\/v2\/users\/2"}],"replies":[{"embeddable":true,"href":"https:\/\/www.itm.nrw\/en\/wp-json\/wp\/v2\/comments?post=22817"}],"version-history":[{"count":0,"href":"https:\/\/www.itm.nrw\/en\/wp-json\/wp\/v2\/posts\/22817\/revisions"}],"wp:featuredmedia":[{"embeddable":true,"href":"https:\/\/www.itm.nrw\/en\/wp-json\/wp\/v2\/media\/23693"}],"wp:attachment":[{"href":"https:\/\/www.itm.nrw\/en\/wp-json\/wp\/v2\/media?parent=22817"}],"wp:term":[{"taxonomy":"category","embeddable":true,"href":"https:\/\/www.itm.nrw\/en\/wp-json\/wp\/v2\/categories?post=22817"},{"taxonomy":"post_tag","embeddable":true,"href":"https:\/\/www.itm.nrw\/en\/wp-json\/wp\/v2\/tags?post=22817"}],"curies":[{"name":"wp","href":"https:\/\/api.w.org\/{rel}","templated":true}]}}